{"id":15505,"date":"2024-01-25T15:01:32","date_gmt":"2024-01-25T14:01:32","guid":{"rendered":"https:\/\/muzeum.ostroleka.pl\/?p=15505"},"modified":"2024-01-31T09:11:02","modified_gmt":"2024-01-31T08:11:02","slug":"tworczo-i-serdecznie","status":"publish","type":"post","link":"https:\/\/muzeum.ostroleka.pl\/?p=15505","title":{"rendered":"Tw\u00f3rczo i serdecznie"},"content":{"rendered":"<p style=\"text-align: justify;\">Dziewi\u0105tego dnia naszych spotka\u0144 z cyklu \u201eFerie w Muzeum\u201d, dzieci w\u0142o\u017cy\u0142y mn\u00f3stwo serca w swoj\u0105 tw\u00f3rczo\u015b\u0107. Serce towarzyszy\u0142o im praktycznie przez ca\u0142y dzie\u0144 \u2013 najpierw pozna\u0142y now\u0105 form\u0119 wycinanki, w\u0142a\u015bnie w takim \u201eserdecznym kszta\u0142cie\u201d, potem wykona\u0142y samodzielnie zaprojektowane obrazki 3D, kt\u00f3rych motywem przewodnim by\u0142o&#8230; w\u0142a\u015bnie serce. W tak serdecznej atmosferze min\u0105\u0142 kolejny dzie\u0144 muzealnych ferii.<br \/>\nNa koniec dzieci wyci\u0119\u0142y, a w\u0142a\u015bciwie \u201ewystrzyg\u0142y\u201d jeszcze inny rodzaj wycinanki jakim jest las. Jutro opatrz\u0105 j\u0105 wcze\u015bniej przygotowanym specjalnym t\u0142em, jak niekt\u00f3rzy twierdz\u0105, imituj\u0105cym brzozow\u0105 kor\u0119.<\/p>\n<p>&nbsp;<\/p>\nngg_shortcode_0_placeholder\n","protected":false},"excerpt":{"rendered":"<p>Dziewi\u0105tego dnia naszych spotka\u0144 z cyklu \u201eFerie w Muzeum\u201d, dzieci w\u0142o\u017cy\u0142y mn\u00f3stwo serca w swoj\u0105 tw\u00f3rczo\u015b\u0107. Serce towarzyszy\u0142o im praktycznie przez ca\u0142y dzie\u0144 \u2013 najpierw pozna\u0142y now\u0105 form\u0119 wycinanki, w\u0142a\u015bnie w takim \u201eserdecznym kszta\u0142cie\u201d, potem wykona\u0142y samodzielnie zaprojektowane obrazki 3D, kt\u00f3rych motywem przewodnim by\u0142o&#8230; w\u0142a\u015bnie serce. W tak serdecznej atmosferze min\u0105\u0142 kolejny dzie\u0144 muzealnych ferii. [&hellip;]<\/p>\n","protected":false},"author":3,"featured_media":15530,"comment_status":"closed","ping_status":"closed","sticky":false,"template":"","format":"standard","meta":{"_acf_changed":false,"_lmt_disableupdate":"","_lmt_disable":"","_monsterinsights_skip_tracking":false,"_monsterinsights_sitenote_active":false,"_monsterinsights_sitenote_note":"","_monsterinsights_sitenote_category":0,"ngg_post_thumbnail":0,"footnotes":""},"categories":[3],"tags":[],"class_list":["post-15505","post","type-post","status-publish","format-standard","has-post-thumbnail","hentry","category-aktualnosci"],"acf":[],"modified_by":"Daniel Go\u0142a\u015b","_links":{"self":[{"href":"https:\/\/muzeum.ostroleka.pl\/index.php?rest_route=\/wp\/v2\/posts\/15505","targetHints":{"allow":["GET"]}}],"collection":[{"href":"https:\/\/muzeum.ostroleka.pl\/index.php?rest_route=\/wp\/v2\/posts"}],"about":[{"href":"https:\/\/muzeum.ostroleka.pl\/index.php?rest_route=\/wp\/v2\/types\/post"}],"author":[{"embeddable":true,"href":"https:\/\/muzeum.ostroleka.pl\/index.php?rest_route=\/wp\/v2\/users\/3"}],"replies":[{"embeddable":true,"href":"https:\/\/muzeum.ostroleka.pl\/index.php?rest_route=%2Fwp%2Fv2%2Fcomments&post=15505"}],"version-history":[{"count":1,"href":"https:\/\/muzeum.ostroleka.pl\/index.php?rest_route=\/wp\/v2\/posts\/15505\/revisions"}],"predecessor-version":[{"id":15531,"href":"https:\/\/muzeum.ostroleka.pl\/index.php?rest_route=\/wp\/v2\/posts\/15505\/revisions\/15531"}],"wp:featuredmedia":[{"embeddable":true,"href":"https:\/\/muzeum.ostroleka.pl\/index.php?rest_route=\/wp\/v2\/media\/15530"}],"wp:attachment":[{"href":"https:\/\/muzeum.ostroleka.pl\/index.php?rest_route=%2Fwp%2Fv2%2Fmedia&parent=15505"}],"wp:term":[{"taxonomy":"category","embeddable":true,"href":"https:\/\/muzeum.ostroleka.pl\/index.php?rest_route=%2Fwp%2Fv2%2Fcategories&post=15505"},{"taxonomy":"post_tag","embeddable":true,"href":"https:\/\/muzeum.ostroleka.pl\/index.php?rest_route=%2Fwp%2Fv2%2Ftags&post=15505"}],"curies":[{"name":"wp","href":"https:\/\/api.w.org\/{rel}","templated":true}]}}