{"id":15557,"date":"2024-01-30T15:41:44","date_gmt":"2024-01-30T14:41:44","guid":{"rendered":"https:\/\/muzeum.ostroleka.pl\/?p=15557"},"modified":"2024-01-31T15:47:44","modified_gmt":"2024-01-31T14:47:44","slug":"zaproszenie-na-wernisaz-wystawy-3","status":"publish","type":"post","link":"https:\/\/muzeum.ostroleka.pl\/?p=15557","title":{"rendered":"Zaproszenie na wernisa\u017c wystawy"},"content":{"rendered":"<p style=\"text-align: justify;\">Dyrektor Muzeum Archeologicznego w Krakowie dr hab. Jacek G\u00f3rski oraz Dyrektor Muzeum Kultury Kurpiowskiej w Ostro\u0142\u0119ce Maria Samsel zapraszaj\u0105 na otwarcie wystawy pomys\u0142u Rados\u0142awa Liwocha \u201eUkraina przed wiekami\u201d. Wernisa\u017c odb\u0119dzie si\u0119 9 lutego 2024 roku (pi\u0105tek) o godzinie 14.00 w Muzeum Kultury Kurpiowskiej przy pl. gen. J\u00f3zefa Bema 8 w Ostro\u0142\u0119ce.<\/p>\n<p style=\"text-align: justify;\">&nbsp;<\/p>\n<p style=\"text-align: justify;\">Wystawa po\u015bwi\u0119cona jest archeologii, efektom prac badawczych jak i przypadkowym znaleziskom na ziemiach ukrai\u0144skich. Przedstawia r\u00f3\u017cnorodno\u015b\u0107 kulturow\u0105 teren\u00f3w nad Dniestrem i Dnieprem od pradziej\u00f3w do p\u00f3\u017anego \u015bredniowiecza. Wystawa obejmuje r\u00f3wnie\u017c skarb z\u0142oty z grobu scytyjskiej ksi\u0119\u017cniczki. Na wystawie zaprezentowane s\u0105 zabytki b\u0119d\u0105ce w przesz\u0142o\u015bci przedmiotami codziennego u\u017cytku, takie jak naczynia ceramiczne, bro\u0144, elementy uzbrojenia czy ozdoby. Wystawa pochodzi z Muzeum Archeologicznego w Krakowie, a jej kuratorem jest Rados\u0142aw Liwoch.<\/p>\n","protected":false},"excerpt":{"rendered":"<p>Dyrektor Muzeum Archeologicznego w Krakowie dr hab. Jacek G\u00f3rski oraz Dyrektor Muzeum Kultury Kurpiowskiej w Ostro\u0142\u0119ce Maria Samsel zapraszaj\u0105 na otwarcie wystawy pomys\u0142u Rados\u0142awa Liwocha \u201eUkraina przed wiekami\u201d. Wernisa\u017c odb\u0119dzie si\u0119 9 lutego 2024 roku (pi\u0105tek) o godzinie 14.00 w Muzeum Kultury Kurpiowskiej przy pl. gen. J\u00f3zefa Bema 8 w Ostro\u0142\u0119ce. &nbsp; Wystawa po\u015bwi\u0119cona jest [&hellip;]<\/p>\n","protected":false},"author":3,"featured_media":15558,"comment_status":"closed","ping_status":"closed","sticky":false,"template":"","format":"standard","meta":{"_acf_changed":false,"_lmt_disableupdate":"","_lmt_disable":"","_monsterinsights_skip_tracking":false,"_monsterinsights_sitenote_active":false,"_monsterinsights_sitenote_note":"","_monsterinsights_sitenote_category":0,"ngg_post_thumbnail":0,"footnotes":""},"categories":[3],"tags":[],"class_list":["post-15557","post","type-post","status-publish","format-standard","has-post-thumbnail","hentry","category-aktualnosci"],"acf":[],"modified_by":"Daniel Go\u0142a\u015b","_links":{"self":[{"href":"https:\/\/muzeum.ostroleka.pl\/index.php?rest_route=\/wp\/v2\/posts\/15557","targetHints":{"allow":["GET"]}}],"collection":[{"href":"https:\/\/muzeum.ostroleka.pl\/index.php?rest_route=\/wp\/v2\/posts"}],"about":[{"href":"https:\/\/muzeum.ostroleka.pl\/index.php?rest_route=\/wp\/v2\/types\/post"}],"author":[{"embeddable":true,"href":"https:\/\/muzeum.ostroleka.pl\/index.php?rest_route=\/wp\/v2\/users\/3"}],"replies":[{"embeddable":true,"href":"https:\/\/muzeum.ostroleka.pl\/index.php?rest_route=%2Fwp%2Fv2%2Fcomments&post=15557"}],"version-history":[{"count":3,"href":"https:\/\/muzeum.ostroleka.pl\/index.php?rest_route=\/wp\/v2\/posts\/15557\/revisions"}],"predecessor-version":[{"id":15561,"href":"https:\/\/muzeum.ostroleka.pl\/index.php?rest_route=\/wp\/v2\/posts\/15557\/revisions\/15561"}],"wp:featuredmedia":[{"embeddable":true,"href":"https:\/\/muzeum.ostroleka.pl\/index.php?rest_route=\/wp\/v2\/media\/15558"}],"wp:attachment":[{"href":"https:\/\/muzeum.ostroleka.pl\/index.php?rest_route=%2Fwp%2Fv2%2Fmedia&parent=15557"}],"wp:term":[{"taxonomy":"category","embeddable":true,"href":"https:\/\/muzeum.ostroleka.pl\/index.php?rest_route=%2Fwp%2Fv2%2Fcategories&post=15557"},{"taxonomy":"post_tag","embeddable":true,"href":"https:\/\/muzeum.ostroleka.pl\/index.php?rest_route=%2Fwp%2Fv2%2Ftags&post=15557"}],"curies":[{"name":"wp","href":"https:\/\/api.w.org\/{rel}","templated":true}]}}