{"id":15610,"date":"2024-02-09T11:08:32","date_gmt":"2024-02-09T10:08:32","guid":{"rendered":"https:\/\/muzeum.ostroleka.pl\/?p=15610"},"modified":"2024-02-09T11:14:48","modified_gmt":"2024-02-09T10:14:48","slug":"ogolnopolski-dzien-etnografii-etnologii-i-antropologii-kulturowej-2","status":"publish","type":"post","link":"https:\/\/muzeum.ostroleka.pl\/?p=15610","title":{"rendered":"Og\u00f3lnopolski Dzie\u0144 Etnografii, Etnologii i Antropologii Kulturowej"},"content":{"rendered":"<p style=\"text-align: justify;\"><strong>9 lutego 1895 roku<\/strong> w sali lwowskiego ratusza z inicjatywy prof. dra Antoniego Kaliny powsta\u0142o Towarzystwo Ludoznawcze, kt\u00f3re istnieje i aktywnie dzia\u0142a do dnia dzisiejszego.<\/p>\n<p style=\"text-align: justify;\">Dla upami\u0119tnienia tego wydarzenia uchwa\u0142\u0105 Zarz\u0105du G\u0142\u00f3wnego Polskiego Towarzystwa Ludoznawczego w dniu 26 pa\u017adziernika 2019 roku 9 lutego zosta\u0142 ustanowiony jako <strong>Og\u00f3lnopolski Dzie\u0144 Etnografii, Etnologii i Antropologii Kulturowej<\/strong>. Jego celem jest konsolidacja \u015brodowiska zwi\u0105zanego z etnografi\u0105, etnologi\u0105 i antropologi\u0105 kulturow\u0105, podejmowanie zintegrowanych dzia\u0142a\u0144 na rzecz kontynuacji i upowszechniania dorobku tych nauk, uwidocznienie przedsi\u0119wzi\u0119\u0107 etnograficznych, etnologicznych i antropologicznych w przestrzeni akademickiej i w sferze publicznej.<\/p>\n<p style=\"text-align: justify;\">Tematem wiod\u0105cym tegorocznego \u015bwi\u0119ta s\u0105 ETNOmiejsca. Celem has\u0142a jest promowanie miejsc w regionie, wa\u017cnych dla etnografii, etnologii i antropologii kulturowej. Miejsc, gdzie nadal \u017cywo piel\u0119gnowane s\u0105 tradycje czy dawne rzemios\u0142a.<\/p>\n","protected":false},"excerpt":{"rendered":"<p>9 lutego 1895 roku w sali lwowskiego ratusza z inicjatywy prof. dra Antoniego Kaliny powsta\u0142o Towarzystwo Ludoznawcze, kt\u00f3re istnieje i aktywnie dzia\u0142a do dnia dzisiejszego. Dla upami\u0119tnienia tego wydarzenia uchwa\u0142\u0105 Zarz\u0105du G\u0142\u00f3wnego Polskiego Towarzystwa Ludoznawczego w dniu 26 pa\u017adziernika 2019 roku 9 lutego zosta\u0142 ustanowiony jako Og\u00f3lnopolski Dzie\u0144 Etnografii, Etnologii i Antropologii Kulturowej. Jego celem [&hellip;]<\/p>\n","protected":false},"author":3,"featured_media":6212,"comment_status":"closed","ping_status":"closed","sticky":false,"template":"","format":"standard","meta":{"_acf_changed":false,"_lmt_disableupdate":"","_lmt_disable":"","_monsterinsights_skip_tracking":false,"_monsterinsights_sitenote_active":false,"_monsterinsights_sitenote_note":"","_monsterinsights_sitenote_category":0,"ngg_post_thumbnail":0,"footnotes":""},"categories":[3],"tags":[],"class_list":["post-15610","post","type-post","status-publish","format-standard","has-post-thumbnail","hentry","category-aktualnosci"],"acf":[],"modified_by":"Daniel Go\u0142a\u015b","_links":{"self":[{"href":"https:\/\/muzeum.ostroleka.pl\/index.php?rest_route=\/wp\/v2\/posts\/15610","targetHints":{"allow":["GET"]}}],"collection":[{"href":"https:\/\/muzeum.ostroleka.pl\/index.php?rest_route=\/wp\/v2\/posts"}],"about":[{"href":"https:\/\/muzeum.ostroleka.pl\/index.php?rest_route=\/wp\/v2\/types\/post"}],"author":[{"embeddable":true,"href":"https:\/\/muzeum.ostroleka.pl\/index.php?rest_route=\/wp\/v2\/users\/3"}],"replies":[{"embeddable":true,"href":"https:\/\/muzeum.ostroleka.pl\/index.php?rest_route=%2Fwp%2Fv2%2Fcomments&post=15610"}],"version-history":[{"count":2,"href":"https:\/\/muzeum.ostroleka.pl\/index.php?rest_route=\/wp\/v2\/posts\/15610\/revisions"}],"predecessor-version":[{"id":15612,"href":"https:\/\/muzeum.ostroleka.pl\/index.php?rest_route=\/wp\/v2\/posts\/15610\/revisions\/15612"}],"wp:featuredmedia":[{"embeddable":true,"href":"https:\/\/muzeum.ostroleka.pl\/index.php?rest_route=\/wp\/v2\/media\/6212"}],"wp:attachment":[{"href":"https:\/\/muzeum.ostroleka.pl\/index.php?rest_route=%2Fwp%2Fv2%2Fmedia&parent=15610"}],"wp:term":[{"taxonomy":"category","embeddable":true,"href":"https:\/\/muzeum.ostroleka.pl\/index.php?rest_route=%2Fwp%2Fv2%2Fcategories&post=15610"},{"taxonomy":"post_tag","embeddable":true,"href":"https:\/\/muzeum.ostroleka.pl\/index.php?rest_route=%2Fwp%2Fv2%2Ftags&post=15610"}],"curies":[{"name":"wp","href":"https:\/\/api.w.org\/{rel}","templated":true}]}}