{"id":15613,"date":"2024-02-09T15:43:59","date_gmt":"2024-02-09T14:43:59","guid":{"rendered":"https:\/\/muzeum.ostroleka.pl\/?p=15613"},"modified":"2024-02-21T12:10:37","modified_gmt":"2024-02-21T11:10:37","slug":"wernisaz-wystawy-ukraina-przed-wiekami","status":"publish","type":"post","link":"https:\/\/muzeum.ostroleka.pl\/?p=15613","title":{"rendered":"Wernisa\u017c wystawy \u201eUkraina przed wiekami\u201d"},"content":{"rendered":"<p style=\"text-align: justify;\">Pochodz\u0105ca z Muzeum Archeologicznego w Krakowie wystawa zatytu\u0142owana \u201eUkraina przed wiekami\u201d zosta\u0142a dzisiaj zaprezentowana w Muzeum Kultury Kurpiowskiej. Dyrektor MKK Maria Samsel oraz pomys\u0142odawca i kurator wystawy Rados\u0142aw Liwoch przywitali przyby\u0142ych na wernisa\u017c go\u015bci, opowiedzieli o tej ekspozycji i jej genezie. Wystawa przedstawia r\u00f3\u017cnorodno\u015b\u0107 kulturow\u0105 teren\u00f3w nad Dniestrem i Dnieprem od pradziej\u00f3w do p\u00f3\u017anego \u015bredniowiecza. Po\u015bwi\u0119cona jest archeologii, efektom prac badawczych jak i przypadkowym znaleziskom na ziemiach ukrai\u0144skich, mo\u017cna na niej zobaczy\u0107 zabytki b\u0119d\u0105ce w przesz\u0142o\u015bci przedmiotami codziennego u\u017cytku, takie jak naczynia ceramiczne, bro\u0144, elementy uzbrojenia czy ozdoby. Niezwykle ciekawym elementem ekspozycji jest skarb z\u0142oty z grobu scytyjskiej ksi\u0119\u017cniczki.<\/p>\n<p style=\"text-align: justify;\">Wystaw\u0119 mo\u017cna zwiedza\u0107 do 24 marca 2024 roku w budynku Muzeum przy placu gen. J. Bema 8 w Ostro\u0142\u0119ce.<\/p>\n<p style=\"text-align: justify;\">Serdecznie zapraszamy.<\/p>\n<p>&nbsp;<\/p>\nngg_shortcode_0_placeholder\n","protected":false},"excerpt":{"rendered":"<p>Pochodz\u0105ca z Muzeum Archeologicznego w Krakowie wystawa zatytu\u0142owana \u201eUkraina przed wiekami\u201d zosta\u0142a dzisiaj zaprezentowana w Muzeum Kultury Kurpiowskiej. Dyrektor MKK Maria Samsel oraz pomys\u0142odawca i kurator wystawy Rados\u0142aw Liwoch przywitali przyby\u0142ych na wernisa\u017c go\u015bci, opowiedzieli o tej ekspozycji i jej genezie. Wystawa przedstawia r\u00f3\u017cnorodno\u015b\u0107 kulturow\u0105 teren\u00f3w nad Dniestrem i Dnieprem od pradziej\u00f3w do p\u00f3\u017anego \u015bredniowiecza. [&hellip;]<\/p>\n","protected":false},"author":3,"featured_media":15634,"comment_status":"closed","ping_status":"closed","sticky":false,"template":"","format":"standard","meta":{"_acf_changed":false,"_lmt_disableupdate":"","_lmt_disable":"","_monsterinsights_skip_tracking":false,"_monsterinsights_sitenote_active":false,"_monsterinsights_sitenote_note":"","_monsterinsights_sitenote_category":0,"ngg_post_thumbnail":0,"footnotes":""},"categories":[3],"tags":[],"class_list":["post-15613","post","type-post","status-publish","format-standard","has-post-thumbnail","hentry","category-aktualnosci"],"acf":[],"modified_by":"Daniel Go\u0142a\u015b","_links":{"self":[{"href":"https:\/\/muzeum.ostroleka.pl\/index.php?rest_route=\/wp\/v2\/posts\/15613","targetHints":{"allow":["GET"]}}],"collection":[{"href":"https:\/\/muzeum.ostroleka.pl\/index.php?rest_route=\/wp\/v2\/posts"}],"about":[{"href":"https:\/\/muzeum.ostroleka.pl\/index.php?rest_route=\/wp\/v2\/types\/post"}],"author":[{"embeddable":true,"href":"https:\/\/muzeum.ostroleka.pl\/index.php?rest_route=\/wp\/v2\/users\/3"}],"replies":[{"embeddable":true,"href":"https:\/\/muzeum.ostroleka.pl\/index.php?rest_route=%2Fwp%2Fv2%2Fcomments&post=15613"}],"version-history":[{"count":3,"href":"https:\/\/muzeum.ostroleka.pl\/index.php?rest_route=\/wp\/v2\/posts\/15613\/revisions"}],"predecessor-version":[{"id":15633,"href":"https:\/\/muzeum.ostroleka.pl\/index.php?rest_route=\/wp\/v2\/posts\/15613\/revisions\/15633"}],"wp:featuredmedia":[{"embeddable":true,"href":"https:\/\/muzeum.ostroleka.pl\/index.php?rest_route=\/wp\/v2\/media\/15634"}],"wp:attachment":[{"href":"https:\/\/muzeum.ostroleka.pl\/index.php?rest_route=%2Fwp%2Fv2%2Fmedia&parent=15613"}],"wp:term":[{"taxonomy":"category","embeddable":true,"href":"https:\/\/muzeum.ostroleka.pl\/index.php?rest_route=%2Fwp%2Fv2%2Fcategories&post=15613"},{"taxonomy":"post_tag","embeddable":true,"href":"https:\/\/muzeum.ostroleka.pl\/index.php?rest_route=%2Fwp%2Fv2%2Ftags&post=15613"}],"curies":[{"name":"wp","href":"https:\/\/api.w.org\/{rel}","templated":true}]}}