{"id":15646,"date":"2024-02-25T09:25:36","date_gmt":"2024-02-25T08:25:36","guid":{"rendered":"https:\/\/muzeum.ostroleka.pl\/?p=15646"},"modified":"2024-02-25T09:26:00","modified_gmt":"2024-02-25T08:26:00","slug":"193-rocznica-bitwy-pod-olszynka-grochowska","status":"publish","type":"post","link":"https:\/\/muzeum.ostroleka.pl\/?p=15646","title":{"rendered":"193. rocznica bitwy pod Olszynk\u0105 Grochowsk\u0105"},"content":{"rendered":"<p style=\"text-align: justify;\">Dzisiaj przypada 193. rocznica jednej z najkrwawszych bitew powstania listopadowego \u2013 bitwy pod Olszynk\u0105 Grochowsk\u0105. To tu wojska polskie, dowodzone przez genera\u0142a J\u00f3zefa Ch\u0142opickiego, star\u0142y si\u0119 z si\u0142ami feldmarsza\u0142ka Iwana Dybicza. Mimo, i\u017c b\u00f3j nie zosta\u0142 ostatecznie rozstrzygni\u0119ty to Rosjanie ze swoj\u0105 znaczn\u0105 przewag\u0105 liczebn\u0105 nie zdo\u0142ali przedrze\u0107 si\u0119 do Warszawy.<br \/>\nPami\u0119tajmy o naszych dzielnych bohaterach, kt\u00f3rzy patrz\u0105c \u015bmierci w oczy m\u0119\u017cnie walczyli o nasz\u0105 przysz\u0142o\u015b\u0107 w wolnej Ojczy\u017anie.<\/p>\n<p style=\"text-align: justify;\">Przy tej okazji chcieliby\u015bmy przypomnie\u0107 materia\u0142 filmowy, w kt\u00f3rym Krzysztof Augustyniak, pracownik MKK, opowiada o tym jak dosz\u0142o do starcia, jak r\u00f3wnie\u017c o samym przebiegu bitwy.<\/p>\n<p>&nbsp;<\/p>\n<p><iframe loading=\"lazy\" title=\"B\u00f3j pod Grochowem\" width=\"500\" height=\"281\" src=\"https:\/\/www.youtube.com\/embed\/hJ0blOYn0EA?feature=oembed\" frameborder=\"0\" allow=\"accelerometer; autoplay; clipboard-write; encrypted-media; gyroscope; picture-in-picture; web-share\" referrerpolicy=\"strict-origin-when-cross-origin\" allowfullscreen><\/iframe><\/p>\n<p>&nbsp;<\/p>\n","protected":false},"excerpt":{"rendered":"<p>Dzisiaj przypada 193. rocznica jednej z najkrwawszych bitew powstania listopadowego \u2013 bitwy pod Olszynk\u0105 Grochowsk\u0105. To tu wojska polskie, dowodzone przez genera\u0142a J\u00f3zefa Ch\u0142opickiego, star\u0142y si\u0119 z si\u0142ami feldmarsza\u0142ka Iwana Dybicza. Mimo, i\u017c b\u00f3j nie zosta\u0142 ostatecznie rozstrzygni\u0119ty to Rosjanie ze swoj\u0105 znaczn\u0105 przewag\u0105 liczebn\u0105 nie zdo\u0142ali przedrze\u0107 si\u0119 do Warszawy. Pami\u0119tajmy o naszych dzielnych [&hellip;]<\/p>\n","protected":false},"author":3,"featured_media":15647,"comment_status":"closed","ping_status":"closed","sticky":false,"template":"","format":"standard","meta":{"_acf_changed":false,"_lmt_disableupdate":"","_lmt_disable":"","_monsterinsights_skip_tracking":false,"_monsterinsights_sitenote_active":false,"_monsterinsights_sitenote_note":"","_monsterinsights_sitenote_category":0,"ngg_post_thumbnail":0,"footnotes":""},"categories":[3],"tags":[],"class_list":["post-15646","post","type-post","status-publish","format-standard","has-post-thumbnail","hentry","category-aktualnosci"],"acf":[],"modified_by":"Daniel Go\u0142a\u015b","_links":{"self":[{"href":"https:\/\/muzeum.ostroleka.pl\/index.php?rest_route=\/wp\/v2\/posts\/15646","targetHints":{"allow":["GET"]}}],"collection":[{"href":"https:\/\/muzeum.ostroleka.pl\/index.php?rest_route=\/wp\/v2\/posts"}],"about":[{"href":"https:\/\/muzeum.ostroleka.pl\/index.php?rest_route=\/wp\/v2\/types\/post"}],"author":[{"embeddable":true,"href":"https:\/\/muzeum.ostroleka.pl\/index.php?rest_route=\/wp\/v2\/users\/3"}],"replies":[{"embeddable":true,"href":"https:\/\/muzeum.ostroleka.pl\/index.php?rest_route=%2Fwp%2Fv2%2Fcomments&post=15646"}],"version-history":[{"count":3,"href":"https:\/\/muzeum.ostroleka.pl\/index.php?rest_route=\/wp\/v2\/posts\/15646\/revisions"}],"predecessor-version":[{"id":15650,"href":"https:\/\/muzeum.ostroleka.pl\/index.php?rest_route=\/wp\/v2\/posts\/15646\/revisions\/15650"}],"wp:featuredmedia":[{"embeddable":true,"href":"https:\/\/muzeum.ostroleka.pl\/index.php?rest_route=\/wp\/v2\/media\/15647"}],"wp:attachment":[{"href":"https:\/\/muzeum.ostroleka.pl\/index.php?rest_route=%2Fwp%2Fv2%2Fmedia&parent=15646"}],"wp:term":[{"taxonomy":"category","embeddable":true,"href":"https:\/\/muzeum.ostroleka.pl\/index.php?rest_route=%2Fwp%2Fv2%2Fcategories&post=15646"},{"taxonomy":"post_tag","embeddable":true,"href":"https:\/\/muzeum.ostroleka.pl\/index.php?rest_route=%2Fwp%2Fv2%2Ftags&post=15646"}],"curies":[{"name":"wp","href":"https:\/\/api.w.org\/{rel}","templated":true}]}}