{"id":15657,"date":"2024-02-28T12:47:41","date_gmt":"2024-02-28T11:47:41","guid":{"rendered":"https:\/\/muzeum.ostroleka.pl\/?p=15657"},"modified":"2024-02-28T12:47:59","modified_gmt":"2024-02-28T11:47:59","slug":"spiewaj-razem-z-nami-w-marcu-4","status":"publish","type":"post","link":"https:\/\/muzeum.ostroleka.pl\/?p=15657","title":{"rendered":"\u015apiewaj razem z nami w marcu"},"content":{"rendered":"<p style=\"text-align: justify;\">Najbli\u017csze spotkanie ch\u00f3ru \u201eO! La La!\u201d odb\u0119dzie si\u0119 19 marca 2024 r. (wtorek) o godz. 12.00.<br \/>\nTradycyjnie imprez\u0119 poprowadzi Robert Lipka.<\/p>\n<p>Zapraszamy!<\/p>\n<p>\ud83d\udd38 Miejsce: budynek Muzeum Kultury Kurpiowskiej w Ostro\u0142\u0119ce przy placu gen. J. Bema 8.<br \/>\n\ud83d\udd38 Cena: 5 z\u0142 od osoby.<br \/>\n\ud83d\udd38 Cz\u0119stotliwo\u015b\u0107 spotka\u0144: raz w miesi\u0105cu.<br \/>\n\ud83d\udd38 Informacje: Dzia\u0142 Edukacji i Promocji MKK, tel. 29 764 54 43 wew. 43, e-mail: <a href=\"mailto:edukacja@muzeum.ostroleka.pl\">edukacja@muzeum.ostroleka.pl<\/a>.<\/p>\n","protected":false},"excerpt":{"rendered":"<p>Najbli\u017csze spotkanie ch\u00f3ru \u201eO! La La!\u201d odb\u0119dzie si\u0119 19 marca 2024 r. (wtorek) o godz. 12.00. Tradycyjnie imprez\u0119 poprowadzi Robert Lipka. Zapraszamy! \ud83d\udd38 Miejsce: budynek Muzeum Kultury Kurpiowskiej w Ostro\u0142\u0119ce przy placu gen. J. Bema 8. \ud83d\udd38 Cena: 5 z\u0142 od osoby. \ud83d\udd38 Cz\u0119stotliwo\u015b\u0107 spotka\u0144: raz w miesi\u0105cu. \ud83d\udd38 Informacje: Dzia\u0142 Edukacji i Promocji MKK, [&hellip;]<\/p>\n","protected":false},"author":3,"featured_media":15658,"comment_status":"closed","ping_status":"closed","sticky":false,"template":"","format":"standard","meta":{"_acf_changed":false,"_lmt_disableupdate":"","_lmt_disable":"","_monsterinsights_skip_tracking":false,"_monsterinsights_sitenote_active":false,"_monsterinsights_sitenote_note":"","_monsterinsights_sitenote_category":0,"ngg_post_thumbnail":0,"footnotes":""},"categories":[3],"tags":[],"class_list":["post-15657","post","type-post","status-publish","format-standard","has-post-thumbnail","hentry","category-aktualnosci"],"acf":[],"modified_by":"Daniel Go\u0142a\u015b","_links":{"self":[{"href":"https:\/\/muzeum.ostroleka.pl\/index.php?rest_route=\/wp\/v2\/posts\/15657","targetHints":{"allow":["GET"]}}],"collection":[{"href":"https:\/\/muzeum.ostroleka.pl\/index.php?rest_route=\/wp\/v2\/posts"}],"about":[{"href":"https:\/\/muzeum.ostroleka.pl\/index.php?rest_route=\/wp\/v2\/types\/post"}],"author":[{"embeddable":true,"href":"https:\/\/muzeum.ostroleka.pl\/index.php?rest_route=\/wp\/v2\/users\/3"}],"replies":[{"embeddable":true,"href":"https:\/\/muzeum.ostroleka.pl\/index.php?rest_route=%2Fwp%2Fv2%2Fcomments&post=15657"}],"version-history":[{"count":2,"href":"https:\/\/muzeum.ostroleka.pl\/index.php?rest_route=\/wp\/v2\/posts\/15657\/revisions"}],"predecessor-version":[{"id":15660,"href":"https:\/\/muzeum.ostroleka.pl\/index.php?rest_route=\/wp\/v2\/posts\/15657\/revisions\/15660"}],"wp:featuredmedia":[{"embeddable":true,"href":"https:\/\/muzeum.ostroleka.pl\/index.php?rest_route=\/wp\/v2\/media\/15658"}],"wp:attachment":[{"href":"https:\/\/muzeum.ostroleka.pl\/index.php?rest_route=%2Fwp%2Fv2%2Fmedia&parent=15657"}],"wp:term":[{"taxonomy":"category","embeddable":true,"href":"https:\/\/muzeum.ostroleka.pl\/index.php?rest_route=%2Fwp%2Fv2%2Fcategories&post=15657"},{"taxonomy":"post_tag","embeddable":true,"href":"https:\/\/muzeum.ostroleka.pl\/index.php?rest_route=%2Fwp%2Fv2%2Ftags&post=15657"}],"curies":[{"name":"wp","href":"https:\/\/api.w.org\/{rel}","templated":true}]}}