{"id":15661,"date":"2024-02-29T12:52:50","date_gmt":"2024-02-29T11:52:50","guid":{"rendered":"https:\/\/muzeum.ostroleka.pl\/?p=15661"},"modified":"2024-02-29T12:56:38","modified_gmt":"2024-02-29T11:56:38","slug":"muzeum-otrzymalo-dotacje-z-mkidn","status":"publish","type":"post","link":"https:\/\/muzeum.ostroleka.pl\/?p=15661","title":{"rendered":"Muzeum otrzyma\u0142o dotacj\u0119 z MKiDN"},"content":{"rendered":"<p style=\"text-align: justify;\">Jest nam niezmiernie mi\u0142o poinformowa\u0107, \u017ce Muzeum Kultury Kurpiowskiej w Ostro\u0142\u0119ce znalaz\u0142o si\u0119 w\u015br\u00f3d instytucji, kt\u00f3re otrzyma\u0142y dotacj\u0119 od Ministra Kultury i Dziedzictwa Narodowego w ramach programu \u201eKultura ludowa i tradycyjna\u201d. \u015arodki w kwocie 35 000 z\u0142 zostan\u0105 przeznaczone na realizacj\u0119 zadania pn. <em>Konkurs kurpiowskiej sztuki ludowej pt. &#8222;Sztuka Kurpi\u00f3w&#8221; wraz z wystaw\u0105<\/em>. Wk\u0142ad w\u0142asny zostanie pokryty z bud\u017cetu Samorz\u0105du Wojew\u00f3dztwa Mazowieckiego.<\/p>\n<p>&nbsp;<\/p>\n<p><img loading=\"lazy\" decoding=\"async\" class=\" wp-image-15671 alignleft\" src=\"http:\/\/muzeum.ostroleka.pl\/wp-content\/uploads\/2024\/02\/logo_MKiDN-1.jpg\" alt=\"Logo MKiDN\" width=\"392\" height=\"196\" srcset=\"https:\/\/muzeum.ostroleka.pl\/wp-content\/uploads\/2024\/02\/logo_MKiDN-1.jpg 450w, https:\/\/muzeum.ostroleka.pl\/wp-content\/uploads\/2024\/02\/logo_MKiDN-1-300x150.jpg 300w\" sizes=\"auto, (max-width: 392px) 100vw, 392px\" \/><img loading=\"lazy\" decoding=\"async\" class=\" wp-image-15664 alignleft\" src=\"http:\/\/muzeum.ostroleka.pl\/wp-content\/uploads\/2024\/02\/logo_25lat_swm-1.jpg\" alt=\"logo 25 lat Samorz\u0105du Wojew\u00f3dztwa Mazowieckiego\" width=\"382\" height=\"191\" srcset=\"https:\/\/muzeum.ostroleka.pl\/wp-content\/uploads\/2024\/02\/logo_25lat_swm-1.jpg 450w, https:\/\/muzeum.ostroleka.pl\/wp-content\/uploads\/2024\/02\/logo_25lat_swm-1-300x150.jpg 300w\" sizes=\"auto, (max-width: 382px) 100vw, 382px\" \/><\/p>\n<p>&nbsp;<\/p>\n","protected":false},"excerpt":{"rendered":"<p>Jest nam niezmiernie mi\u0142o poinformowa\u0107, \u017ce Muzeum Kultury Kurpiowskiej w Ostro\u0142\u0119ce znalaz\u0142o si\u0119 w\u015br\u00f3d instytucji, kt\u00f3re otrzyma\u0142y dotacj\u0119 od Ministra Kultury i Dziedzictwa Narodowego w ramach programu \u201eKultura ludowa i tradycyjna\u201d. \u015arodki w kwocie 35 000 z\u0142 zostan\u0105 przeznaczone na realizacj\u0119 zadania pn. Konkurs kurpiowskiej sztuki ludowej pt. &#8222;Sztuka Kurpi\u00f3w&#8221; wraz z wystaw\u0105. Wk\u0142ad w\u0142asny [&hellip;]<\/p>\n","protected":false},"author":3,"featured_media":15662,"comment_status":"closed","ping_status":"closed","sticky":false,"template":"","format":"standard","meta":{"_acf_changed":false,"_lmt_disableupdate":"","_lmt_disable":"","_monsterinsights_skip_tracking":false,"_monsterinsights_sitenote_active":false,"_monsterinsights_sitenote_note":"","_monsterinsights_sitenote_category":0,"ngg_post_thumbnail":0,"footnotes":""},"categories":[3],"tags":[],"class_list":["post-15661","post","type-post","status-publish","format-standard","has-post-thumbnail","hentry","category-aktualnosci"],"acf":[],"modified_by":"Daniel Go\u0142a\u015b","_links":{"self":[{"href":"https:\/\/muzeum.ostroleka.pl\/index.php?rest_route=\/wp\/v2\/posts\/15661","targetHints":{"allow":["GET"]}}],"collection":[{"href":"https:\/\/muzeum.ostroleka.pl\/index.php?rest_route=\/wp\/v2\/posts"}],"about":[{"href":"https:\/\/muzeum.ostroleka.pl\/index.php?rest_route=\/wp\/v2\/types\/post"}],"author":[{"embeddable":true,"href":"https:\/\/muzeum.ostroleka.pl\/index.php?rest_route=\/wp\/v2\/users\/3"}],"replies":[{"embeddable":true,"href":"https:\/\/muzeum.ostroleka.pl\/index.php?rest_route=%2Fwp%2Fv2%2Fcomments&post=15661"}],"version-history":[{"count":9,"href":"https:\/\/muzeum.ostroleka.pl\/index.php?rest_route=\/wp\/v2\/posts\/15661\/revisions"}],"predecessor-version":[{"id":15678,"href":"https:\/\/muzeum.ostroleka.pl\/index.php?rest_route=\/wp\/v2\/posts\/15661\/revisions\/15678"}],"wp:featuredmedia":[{"embeddable":true,"href":"https:\/\/muzeum.ostroleka.pl\/index.php?rest_route=\/wp\/v2\/media\/15662"}],"wp:attachment":[{"href":"https:\/\/muzeum.ostroleka.pl\/index.php?rest_route=%2Fwp%2Fv2%2Fmedia&parent=15661"}],"wp:term":[{"taxonomy":"category","embeddable":true,"href":"https:\/\/muzeum.ostroleka.pl\/index.php?rest_route=%2Fwp%2Fv2%2Fcategories&post=15661"},{"taxonomy":"post_tag","embeddable":true,"href":"https:\/\/muzeum.ostroleka.pl\/index.php?rest_route=%2Fwp%2Fv2%2Ftags&post=15661"}],"curies":[{"name":"wp","href":"https:\/\/api.w.org\/{rel}","templated":true}]}}