{"id":15684,"date":"2024-03-06T12:10:48","date_gmt":"2024-03-06T11:10:48","guid":{"rendered":"https:\/\/muzeum.ostroleka.pl\/?p=15684"},"modified":"2024-03-06T12:10:48","modified_gmt":"2024-03-06T11:10:48","slug":"dzieci-wykonywaly-kurpiowskie-palmy-wielkanocne","status":"publish","type":"post","link":"https:\/\/muzeum.ostroleka.pl\/?p=15684","title":{"rendered":"Dzieci wykonywa\u0142y kurpiowskie palmy wielkanocne"},"content":{"rendered":"<p style=\"text-align: justify;\">Wczoraj, 5 marca dzieci ze Szko\u0142y Podstawowej im. I Dywizji Tadeusza Ko\u015bciuszki w R\u00f3\u017canie wzi\u0119\u0142y udzia\u0142 w warsztatach etnograficznych \u201eWielkanoc na Kurpiach\u201d, podczas kt\u00f3rych pozna\u0142y kurpiowskie zwyczaje zwi\u0105zane ze \u015bwi\u0119tami oraz wykona\u0142y tradycyjne, kolorowe palmy z bibu\u0142y.<\/p>\n<p>&nbsp;<\/p>\nngg_shortcode_0_placeholder\n","protected":false},"excerpt":{"rendered":"<p>Wczoraj, 5 marca dzieci ze Szko\u0142y Podstawowej im. I Dywizji Tadeusza Ko\u015bciuszki w R\u00f3\u017canie wzi\u0119\u0142y udzia\u0142 w warsztatach etnograficznych \u201eWielkanoc na Kurpiach\u201d, podczas kt\u00f3rych pozna\u0142y kurpiowskie zwyczaje zwi\u0105zane ze \u015bwi\u0119tami oraz wykona\u0142y tradycyjne, kolorowe palmy z bibu\u0142y. &nbsp;<\/p>\n","protected":false},"author":3,"featured_media":15685,"comment_status":"closed","ping_status":"closed","sticky":false,"template":"","format":"standard","meta":{"_acf_changed":false,"_lmt_disableupdate":"","_lmt_disable":"","_monsterinsights_skip_tracking":false,"_monsterinsights_sitenote_active":false,"_monsterinsights_sitenote_note":"","_monsterinsights_sitenote_category":0,"ngg_post_thumbnail":0,"footnotes":""},"categories":[3],"tags":[],"class_list":["post-15684","post","type-post","status-publish","format-standard","has-post-thumbnail","hentry","category-aktualnosci"],"acf":[],"modified_by":"Daniel Go\u0142a\u015b","_links":{"self":[{"href":"https:\/\/muzeum.ostroleka.pl\/index.php?rest_route=\/wp\/v2\/posts\/15684","targetHints":{"allow":["GET"]}}],"collection":[{"href":"https:\/\/muzeum.ostroleka.pl\/index.php?rest_route=\/wp\/v2\/posts"}],"about":[{"href":"https:\/\/muzeum.ostroleka.pl\/index.php?rest_route=\/wp\/v2\/types\/post"}],"author":[{"embeddable":true,"href":"https:\/\/muzeum.ostroleka.pl\/index.php?rest_route=\/wp\/v2\/users\/3"}],"replies":[{"embeddable":true,"href":"https:\/\/muzeum.ostroleka.pl\/index.php?rest_route=%2Fwp%2Fv2%2Fcomments&post=15684"}],"version-history":[{"count":2,"href":"https:\/\/muzeum.ostroleka.pl\/index.php?rest_route=\/wp\/v2\/posts\/15684\/revisions"}],"predecessor-version":[{"id":15698,"href":"https:\/\/muzeum.ostroleka.pl\/index.php?rest_route=\/wp\/v2\/posts\/15684\/revisions\/15698"}],"wp:featuredmedia":[{"embeddable":true,"href":"https:\/\/muzeum.ostroleka.pl\/index.php?rest_route=\/wp\/v2\/media\/15685"}],"wp:attachment":[{"href":"https:\/\/muzeum.ostroleka.pl\/index.php?rest_route=%2Fwp%2Fv2%2Fmedia&parent=15684"}],"wp:term":[{"taxonomy":"category","embeddable":true,"href":"https:\/\/muzeum.ostroleka.pl\/index.php?rest_route=%2Fwp%2Fv2%2Fcategories&post=15684"},{"taxonomy":"post_tag","embeddable":true,"href":"https:\/\/muzeum.ostroleka.pl\/index.php?rest_route=%2Fwp%2Fv2%2Ftags&post=15684"}],"curies":[{"name":"wp","href":"https:\/\/api.w.org\/{rel}","templated":true}]}}