{"id":15702,"date":"2024-03-08T14:55:26","date_gmt":"2024-03-08T13:55:26","guid":{"rendered":"https:\/\/muzeum.ostroleka.pl\/?p=15702"},"modified":"2024-03-08T14:55:26","modified_gmt":"2024-03-08T13:55:26","slug":"dzieci-poznawaly-tradycje-wielkanocne-na-kurpiowszczyznie","status":"publish","type":"post","link":"https:\/\/muzeum.ostroleka.pl\/?p=15702","title":{"rendered":"Dzieci poznawa\u0142y tradycje wielkanocne na Kurpiowszczy\u017anie"},"content":{"rendered":"<p style=\"text-align: justify;\">Tym razem w warsztatach etnograficznych \u201eWielkanoc na Kurpiach\u201d wzi\u0119li udzia\u0142 drugoklasi\u015bci ze Szko\u0142y Podstawowej nr 1 w Ostro\u0142\u0119ce. Dzieci, po wys\u0142uchaniu przem\u00f3wienia pani Agnieszki, kt\u00f3ra opowiedzia\u0142a o kurpiowskich zwyczajach zwi\u0105zanych z Wielkanoc\u0105, przyst\u0105pi\u0142y do tworzenia tradycyjnych palm z bibu\u0142y. M\u0142odzi tw\u00f3rcy poradzili sobie z tym zadaniem znakomicie, samodzielnie wykonuj\u0105c przepi\u0119kne palemki.<\/p>\n<p>&nbsp;<\/p>\nngg_shortcode_0_placeholder\n","protected":false},"excerpt":{"rendered":"<p>Tym razem w warsztatach etnograficznych \u201eWielkanoc na Kurpiach\u201d wzi\u0119li udzia\u0142 drugoklasi\u015bci ze Szko\u0142y Podstawowej nr 1 w Ostro\u0142\u0119ce. Dzieci, po wys\u0142uchaniu przem\u00f3wienia pani Agnieszki, kt\u00f3ra opowiedzia\u0142a o kurpiowskich zwyczajach zwi\u0105zanych z Wielkanoc\u0105, przyst\u0105pi\u0142y do tworzenia tradycyjnych palm z bibu\u0142y. M\u0142odzi tw\u00f3rcy poradzili sobie z tym zadaniem znakomicie, samodzielnie wykonuj\u0105c przepi\u0119kne palemki. &nbsp;<\/p>\n","protected":false},"author":3,"featured_media":15703,"comment_status":"closed","ping_status":"closed","sticky":false,"template":"","format":"standard","meta":{"_acf_changed":false,"_lmt_disableupdate":"","_lmt_disable":"","_monsterinsights_skip_tracking":false,"_monsterinsights_sitenote_active":false,"_monsterinsights_sitenote_note":"","_monsterinsights_sitenote_category":0,"ngg_post_thumbnail":0,"footnotes":""},"categories":[3],"tags":[],"class_list":["post-15702","post","type-post","status-publish","format-standard","has-post-thumbnail","hentry","category-aktualnosci"],"acf":[],"modified_by":"Daniel Go\u0142a\u015b","_links":{"self":[{"href":"https:\/\/muzeum.ostroleka.pl\/index.php?rest_route=\/wp\/v2\/posts\/15702","targetHints":{"allow":["GET"]}}],"collection":[{"href":"https:\/\/muzeum.ostroleka.pl\/index.php?rest_route=\/wp\/v2\/posts"}],"about":[{"href":"https:\/\/muzeum.ostroleka.pl\/index.php?rest_route=\/wp\/v2\/types\/post"}],"author":[{"embeddable":true,"href":"https:\/\/muzeum.ostroleka.pl\/index.php?rest_route=\/wp\/v2\/users\/3"}],"replies":[{"embeddable":true,"href":"https:\/\/muzeum.ostroleka.pl\/index.php?rest_route=%2Fwp%2Fv2%2Fcomments&post=15702"}],"version-history":[{"count":1,"href":"https:\/\/muzeum.ostroleka.pl\/index.php?rest_route=\/wp\/v2\/posts\/15702\/revisions"}],"predecessor-version":[{"id":15715,"href":"https:\/\/muzeum.ostroleka.pl\/index.php?rest_route=\/wp\/v2\/posts\/15702\/revisions\/15715"}],"wp:featuredmedia":[{"embeddable":true,"href":"https:\/\/muzeum.ostroleka.pl\/index.php?rest_route=\/wp\/v2\/media\/15703"}],"wp:attachment":[{"href":"https:\/\/muzeum.ostroleka.pl\/index.php?rest_route=%2Fwp%2Fv2%2Fmedia&parent=15702"}],"wp:term":[{"taxonomy":"category","embeddable":true,"href":"https:\/\/muzeum.ostroleka.pl\/index.php?rest_route=%2Fwp%2Fv2%2Fcategories&post=15702"},{"taxonomy":"post_tag","embeddable":true,"href":"https:\/\/muzeum.ostroleka.pl\/index.php?rest_route=%2Fwp%2Fv2%2Ftags&post=15702"}],"curies":[{"name":"wp","href":"https:\/\/api.w.org\/{rel}","templated":true}]}}