{"id":15716,"date":"2024-03-12T15:04:15","date_gmt":"2024-03-12T14:04:15","guid":{"rendered":"https:\/\/muzeum.ostroleka.pl\/?p=15716"},"modified":"2024-03-12T15:04:15","modified_gmt":"2024-03-12T14:04:15","slug":"230-rocznica-rozpoczecia-insurekcji-kosciuszkowskiej","status":"publish","type":"post","link":"https:\/\/muzeum.ostroleka.pl\/?p=15716","title":{"rendered":"230. rocznica rozpocz\u0119cia insurekcji ko\u015bciuszkowskiej"},"content":{"rendered":"<p style=\"text-align: justify;\">Dzisiaj przypada 230. rocznica rozpocz\u0119cia insurekcji ko\u015bciuszkowskiej. 12 marca 1794 roku Antoni Madali\u0144ski s\u0142u\u017c\u0105c w Wielkopolskiej Brygadzie Kawalerii, na wie\u015b\u0107 o zamierzonym powstaniu, na czele swej brygady opu\u015bci\u0142 Ostro\u0142\u0119k\u0119 i uda\u0142 si\u0119 pod Krak\u00f3w, \u0142\u0105cz\u0105c si\u0119 z wojskami Ko\u015bciuszki. By\u0142 to pocz\u0105tek pierwszego powstania narodowego.<\/p>\n<p>&nbsp;<\/p>\n<p>Poczt\u00f3wka, Antoni Madali\u0144ski, Krak\u00f3w, I po\u0142. XX w., nr inw. MKK\/HA\/1477<\/p>\n","protected":false},"excerpt":{"rendered":"<p>Dzisiaj przypada 230. rocznica rozpocz\u0119cia insurekcji ko\u015bciuszkowskiej. 12 marca 1794 roku Antoni Madali\u0144ski s\u0142u\u017c\u0105c w Wielkopolskiej Brygadzie Kawalerii, na wie\u015b\u0107 o zamierzonym powstaniu, na czele swej brygady opu\u015bci\u0142 Ostro\u0142\u0119k\u0119 i uda\u0142 si\u0119 pod Krak\u00f3w, \u0142\u0105cz\u0105c si\u0119 z wojskami Ko\u015bciuszki. By\u0142 to pocz\u0105tek pierwszego powstania narodowego. &nbsp; Poczt\u00f3wka, Antoni Madali\u0144ski, Krak\u00f3w, I po\u0142. XX w., nr [&hellip;]<\/p>\n","protected":false},"author":3,"featured_media":15717,"comment_status":"closed","ping_status":"closed","sticky":false,"template":"","format":"standard","meta":{"_acf_changed":false,"_lmt_disableupdate":"","_lmt_disable":"","_monsterinsights_skip_tracking":false,"_monsterinsights_sitenote_active":false,"_monsterinsights_sitenote_note":"","_monsterinsights_sitenote_category":0,"ngg_post_thumbnail":0,"footnotes":""},"categories":[3],"tags":[],"class_list":["post-15716","post","type-post","status-publish","format-standard","has-post-thumbnail","hentry","category-aktualnosci"],"acf":[],"modified_by":"Daniel Go\u0142a\u015b","_links":{"self":[{"href":"https:\/\/muzeum.ostroleka.pl\/index.php?rest_route=\/wp\/v2\/posts\/15716","targetHints":{"allow":["GET"]}}],"collection":[{"href":"https:\/\/muzeum.ostroleka.pl\/index.php?rest_route=\/wp\/v2\/posts"}],"about":[{"href":"https:\/\/muzeum.ostroleka.pl\/index.php?rest_route=\/wp\/v2\/types\/post"}],"author":[{"embeddable":true,"href":"https:\/\/muzeum.ostroleka.pl\/index.php?rest_route=\/wp\/v2\/users\/3"}],"replies":[{"embeddable":true,"href":"https:\/\/muzeum.ostroleka.pl\/index.php?rest_route=%2Fwp%2Fv2%2Fcomments&post=15716"}],"version-history":[{"count":1,"href":"https:\/\/muzeum.ostroleka.pl\/index.php?rest_route=\/wp\/v2\/posts\/15716\/revisions"}],"predecessor-version":[{"id":15718,"href":"https:\/\/muzeum.ostroleka.pl\/index.php?rest_route=\/wp\/v2\/posts\/15716\/revisions\/15718"}],"wp:featuredmedia":[{"embeddable":true,"href":"https:\/\/muzeum.ostroleka.pl\/index.php?rest_route=\/wp\/v2\/media\/15717"}],"wp:attachment":[{"href":"https:\/\/muzeum.ostroleka.pl\/index.php?rest_route=%2Fwp%2Fv2%2Fmedia&parent=15716"}],"wp:term":[{"taxonomy":"category","embeddable":true,"href":"https:\/\/muzeum.ostroleka.pl\/index.php?rest_route=%2Fwp%2Fv2%2Fcategories&post=15716"},{"taxonomy":"post_tag","embeddable":true,"href":"https:\/\/muzeum.ostroleka.pl\/index.php?rest_route=%2Fwp%2Fv2%2Ftags&post=15716"}],"curies":[{"name":"wp","href":"https:\/\/api.w.org\/{rel}","templated":true}]}}