{"id":15720,"date":"2024-03-14T09:41:49","date_gmt":"2024-03-14T08:41:49","guid":{"rendered":"https:\/\/muzeum.ostroleka.pl\/?p=15720"},"modified":"2024-03-14T09:43:38","modified_gmt":"2024-03-14T08:43:38","slug":"230-rocznica-urodzin-gen-jozefa-bema","status":"publish","type":"post","link":"https:\/\/muzeum.ostroleka.pl\/?p=15720","title":{"rendered":"230. rocznica urodzin gen. J\u00f3zefa Bema"},"content":{"rendered":"<p style=\"text-align: justify;\">Obchodzimy dzi\u015b 230. rocznic\u0119 urodzin gen. J\u00f3zefa Bema. Postaci tej nie trzeba nikomu przedstawia\u0107. Znamy go jako bohatera powstania listopadowego, kt\u00f3ry szar\u017c\u0105 artylerii konnej pod Ostro\u0142\u0119k\u0105 sprawi\u0142, \u017ce pora\u017cka nie zamieni\u0142a si\u0119 w katastrof\u0119. Dla W\u0119gr\u00f3w pozostanie Ojczulkiem Bemem \u2013 niezapomnianym dow\u00f3dc\u0105 w powstaniu lat 1848\u20131849. Jego \u017cyciorys wojskowy jest na og\u00f3\u0142 znany.<\/p>\n<p style=\"text-align: justify;\">Korzystaj\u0105c z rocznicowej okazji chcieliby\u015bmy pokaza\u0107 go z nieco innej perspektywy. Bem \u2013 nieustraszony na placu boju \u2013 traci\u0142 \u015bmia\u0142o\u015b\u0107 w towarzystwie p\u0142ci pi\u0119knej. Jakie nios\u0142o to konsekwencje? Oddajmy g\u0142os jednemu z pami\u0119tnikarzy. Tak wspomina\u0142 J\u00f3zef Jaszowski: \u201eNie mog\u0119 jeszcze przemilcze\u0107 wa\u017cnego ust\u0119pu z \u017cycia mego w \u0141\u0119czycy. By\u0142y tam trzy siostry [\u2026] najm\u0142odsza z nich, szesnastoletnia Kostusia, \u0142adna i nadzwyczajnie mi\u0142a, wpad\u0142a by\u0142a w oko naszym oficerom, szczeg\u00f3lniej Bemowi, kt\u00f3ry b\u0119d\u0105c m\u0142odszym o par\u0119 lat ode mnie i nad wszelkie wyra\u017cenie do kobiet nie\u015bmia\u0142ym, prosi\u0142 mnie, a\u017cebym jej serce ku niemu nak\u0142oni\u0142 [\u2026] podj\u0105\u0142em si\u0119 tej delikatnej misji, ale na nieszcz\u0119\u015bcie, gdym si\u0119 do pi\u0119knej [\u2026] Kostusi zbli\u017cy\u0142, zosta\u0142em oczarowany jej wdzi\u0119kami [\u2026]. Rozkocha\u0142em si\u0119 w niej szalenie odt\u0105d, a Bemowi na naszym zebraniu powiedzia\u0142em, i\u017c nie mog\u0105c u Kostusi zrobi\u0107 interesu dla niego, przynajmniej go dla siebie zrobi\u0142em [\u2026]. \u015amiechu mieli\u015bmy z tego wiele\u201d.<\/p>\n<p style=\"text-align: justify;\">Jak uczy nas ten przyk\u0142ad z \u017cycia znakomitego genera\u0142a, sprawy sercowe najlepiej jest za\u0142atwia\u0107 osobi\u015bcie.<\/p>\n<p>&nbsp;<\/p>\n<p><em>Poczt\u00f3wka, J\u00f3zef Bem, Nak. S. W. Niemojowskiego, Lw\u00f3w 1910 r., nr inw. MOO\/HA\/234.<\/em><\/p>\n","protected":false},"excerpt":{"rendered":"<p>Obchodzimy dzi\u015b 230. rocznic\u0119 urodzin gen. J\u00f3zefa Bema. Postaci tej nie trzeba nikomu przedstawia\u0107. Znamy go jako bohatera powstania listopadowego, kt\u00f3ry szar\u017c\u0105 artylerii konnej pod Ostro\u0142\u0119k\u0105 sprawi\u0142, \u017ce pora\u017cka nie zamieni\u0142a si\u0119 w katastrof\u0119. Dla W\u0119gr\u00f3w pozostanie Ojczulkiem Bemem \u2013 niezapomnianym dow\u00f3dc\u0105 w powstaniu lat 1848\u20131849. Jego \u017cyciorys wojskowy jest na og\u00f3\u0142 znany. Korzystaj\u0105c z [&hellip;]<\/p>\n","protected":false},"author":3,"featured_media":15721,"comment_status":"closed","ping_status":"closed","sticky":false,"template":"","format":"standard","meta":{"_acf_changed":false,"_lmt_disableupdate":"","_lmt_disable":"","_monsterinsights_skip_tracking":false,"_monsterinsights_sitenote_active":false,"_monsterinsights_sitenote_note":"","_monsterinsights_sitenote_category":0,"ngg_post_thumbnail":0,"footnotes":""},"categories":[3],"tags":[],"class_list":["post-15720","post","type-post","status-publish","format-standard","has-post-thumbnail","hentry","category-aktualnosci"],"acf":[],"modified_by":"Daniel Go\u0142a\u015b","_links":{"self":[{"href":"https:\/\/muzeum.ostroleka.pl\/index.php?rest_route=\/wp\/v2\/posts\/15720","targetHints":{"allow":["GET"]}}],"collection":[{"href":"https:\/\/muzeum.ostroleka.pl\/index.php?rest_route=\/wp\/v2\/posts"}],"about":[{"href":"https:\/\/muzeum.ostroleka.pl\/index.php?rest_route=\/wp\/v2\/types\/post"}],"author":[{"embeddable":true,"href":"https:\/\/muzeum.ostroleka.pl\/index.php?rest_route=\/wp\/v2\/users\/3"}],"replies":[{"embeddable":true,"href":"https:\/\/muzeum.ostroleka.pl\/index.php?rest_route=%2Fwp%2Fv2%2Fcomments&post=15720"}],"version-history":[{"count":3,"href":"https:\/\/muzeum.ostroleka.pl\/index.php?rest_route=\/wp\/v2\/posts\/15720\/revisions"}],"predecessor-version":[{"id":15724,"href":"https:\/\/muzeum.ostroleka.pl\/index.php?rest_route=\/wp\/v2\/posts\/15720\/revisions\/15724"}],"wp:featuredmedia":[{"embeddable":true,"href":"https:\/\/muzeum.ostroleka.pl\/index.php?rest_route=\/wp\/v2\/media\/15721"}],"wp:attachment":[{"href":"https:\/\/muzeum.ostroleka.pl\/index.php?rest_route=%2Fwp%2Fv2%2Fmedia&parent=15720"}],"wp:term":[{"taxonomy":"category","embeddable":true,"href":"https:\/\/muzeum.ostroleka.pl\/index.php?rest_route=%2Fwp%2Fv2%2Fcategories&post=15720"},{"taxonomy":"post_tag","embeddable":true,"href":"https:\/\/muzeum.ostroleka.pl\/index.php?rest_route=%2Fwp%2Fv2%2Ftags&post=15720"}],"curies":[{"name":"wp","href":"https:\/\/api.w.org\/{rel}","templated":true}]}}