{"id":15966,"date":"2024-04-25T14:17:45","date_gmt":"2024-04-25T13:17:45","guid":{"rendered":"https:\/\/muzeum.ostroleka.pl\/?p=15966"},"modified":"2024-04-30T14:04:32","modified_gmt":"2024-04-30T13:04:32","slug":"zapraszamy-na-oprowadzanie-kuratorskie-po-wystawie-prac-nikifora","status":"publish","type":"post","link":"https:\/\/muzeum.ostroleka.pl\/?p=15966","title":{"rendered":"Zapraszamy na oprowadzanie kuratorskie po wystawie prac Nikifora"},"content":{"rendered":"<p style=\"text-align: justify;\">Serdecznie zapraszamy na oprowadzanie kuratorskie po wystawie \u201eNikifor. Malarz nad malarzami\u201d.<br \/>\nB\u0119dzie to wspania\u0142a okazja, aby pozna\u0107 histori\u0119 jednego z najwi\u0119kszych malarzy naiwnych \u015bwiata i przyjrze\u0107 si\u0119 z bliska jego tw\u00f3rczo\u015bci. Obrazy Nikifora Krynickiego zosta\u0142y docenione przez \u015brodowisko kapist\u00f3w, nast\u0119pnie prezentowane na wystawach w wielu krajach. Jego dzie\u0142a nieustannie ciesz\u0105 si\u0119 uznaniem kolekcjoner\u00f3w i krytyk\u00f3w sztuki, a dzi\u015b ponad sto oryginalnych prac krynickiego artysty (pochodz\u0105cych ze zbior\u00f3w Pa\u0144stwowego Muzeum Etnograficznego w Warszawie) mo\u017cna obejrze\u0107 w Muzeum Kultury Kurpiowskiej.<\/p>\n<p>Oprowadzanie kuratorskie odb\u0119dzie si\u0119 28 kwietnia 2024 r. (niedziela) o godzinie12.00 w Muzeum Kultury Kurpiowskiej przy placu gen. J. Bema 8 w Ostro\u0142\u0119ce.<\/p>\n<p>Spotkanie poprowadzi Gra\u017cyna Talarek.<\/p>\n<p>Wst\u0119p wolny.<\/p>\n<p>&nbsp;<\/p>\n<p>Wsp\u00f3\u0142organizator:<br \/>\nPa\u0144stwowe Muzeum Etnograficzne w Warszawie<\/p>\n<p>&nbsp;<br \/>\nPatroni medialni:<br \/>\n<a href=\"https:\/\/www.moja-ostroleka.pl\/\">Serwis internetowy Moja Ostro\u0142\u0119ka<\/a><br \/>\n<a href=\"https:\/\/radiooko.pl\/\">Radio Oko<\/a><br \/>\n<a href=\"https:\/\/www.rdc.pl\/\">Radio dla Ciebie<\/a><\/p>\n","protected":false},"excerpt":{"rendered":"<p>Serdecznie zapraszamy na oprowadzanie kuratorskie po wystawie \u201eNikifor. Malarz nad malarzami\u201d. B\u0119dzie to wspania\u0142a okazja, aby pozna\u0107 histori\u0119 jednego z najwi\u0119kszych malarzy naiwnych \u015bwiata i przyjrze\u0107 si\u0119 z bliska jego tw\u00f3rczo\u015bci. Obrazy Nikifora Krynickiego zosta\u0142y docenione przez \u015brodowisko kapist\u00f3w, nast\u0119pnie prezentowane na wystawach w wielu krajach. Jego dzie\u0142a nieustannie ciesz\u0105 si\u0119 uznaniem kolekcjoner\u00f3w i krytyk\u00f3w [&hellip;]<\/p>\n","protected":false},"author":3,"featured_media":15967,"comment_status":"closed","ping_status":"closed","sticky":false,"template":"","format":"standard","meta":{"_acf_changed":false,"_lmt_disableupdate":"","_lmt_disable":"","_monsterinsights_skip_tracking":false,"_monsterinsights_sitenote_active":false,"_monsterinsights_sitenote_note":"","_monsterinsights_sitenote_category":0,"ngg_post_thumbnail":0,"footnotes":""},"categories":[3],"tags":[],"class_list":["post-15966","post","type-post","status-publish","format-standard","has-post-thumbnail","hentry","category-aktualnosci"],"acf":[],"modified_by":"Daniel Go\u0142a\u015b","_links":{"self":[{"href":"https:\/\/muzeum.ostroleka.pl\/index.php?rest_route=\/wp\/v2\/posts\/15966","targetHints":{"allow":["GET"]}}],"collection":[{"href":"https:\/\/muzeum.ostroleka.pl\/index.php?rest_route=\/wp\/v2\/posts"}],"about":[{"href":"https:\/\/muzeum.ostroleka.pl\/index.php?rest_route=\/wp\/v2\/types\/post"}],"author":[{"embeddable":true,"href":"https:\/\/muzeum.ostroleka.pl\/index.php?rest_route=\/wp\/v2\/users\/3"}],"replies":[{"embeddable":true,"href":"https:\/\/muzeum.ostroleka.pl\/index.php?rest_route=%2Fwp%2Fv2%2Fcomments&post=15966"}],"version-history":[{"count":5,"href":"https:\/\/muzeum.ostroleka.pl\/index.php?rest_route=\/wp\/v2\/posts\/15966\/revisions"}],"predecessor-version":[{"id":16082,"href":"https:\/\/muzeum.ostroleka.pl\/index.php?rest_route=\/wp\/v2\/posts\/15966\/revisions\/16082"}],"wp:featuredmedia":[{"embeddable":true,"href":"https:\/\/muzeum.ostroleka.pl\/index.php?rest_route=\/wp\/v2\/media\/15967"}],"wp:attachment":[{"href":"https:\/\/muzeum.ostroleka.pl\/index.php?rest_route=%2Fwp%2Fv2%2Fmedia&parent=15966"}],"wp:term":[{"taxonomy":"category","embeddable":true,"href":"https:\/\/muzeum.ostroleka.pl\/index.php?rest_route=%2Fwp%2Fv2%2Fcategories&post=15966"},{"taxonomy":"post_tag","embeddable":true,"href":"https:\/\/muzeum.ostroleka.pl\/index.php?rest_route=%2Fwp%2Fv2%2Ftags&post=15966"}],"curies":[{"name":"wp","href":"https:\/\/api.w.org\/{rel}","templated":true}]}}