{"id":16132,"date":"2024-05-09T12:25:06","date_gmt":"2024-05-09T11:25:06","guid":{"rendered":"https:\/\/muzeum.ostroleka.pl\/?p=16132"},"modified":"2024-05-17T13:04:40","modified_gmt":"2024-05-17T12:04:40","slug":"noc-muzeow-pod-haslem-pora-na-nikifora","status":"publish","type":"post","link":"https:\/\/muzeum.ostroleka.pl\/?p=16132","title":{"rendered":"Noc Muze\u00f3w pod has\u0142em \u201ePora na Nikifora\u201d"},"content":{"rendered":"<p>Zapraszamy na Noc Muze\u00f3w pod has\u0142em \u201ePora na Nikifora\u201d, kt\u00f3ra odb\u0119dzie si\u0119 <strong>18 maja 2024 r. (sobota) w godz. 18.00-24.00<\/strong>.<\/p>\n<p>Tegoroczne wydarzenie nawi\u0105\u017ce do tw\u00f3rczo\u015bci Nikifora Krynickiego!<\/p>\n<p><strong>W programie:<\/strong><br \/>\n\u2013 godz. 18.00 \u2013 otwarcie imprezy Noc Muze\u00f3w 2024,<br \/>\n\u2013 godz. 19.00 \u2013 koncert MUZYKA KARPAT w wykonaniu zespo\u0142u LIPKA I PRZYJACIELE,<br \/>\n\u2013 godz. 21.00 \u2013 widowisko muzyczno-wizualne NIKI4 YOU w wykonaniu zespo\u0142u RB TRIO.<\/p>\n<p><strong>Non stop:<br \/>\n<\/strong>\u2013 zgadywanki i krzy\u017c\u00f3wki na salach wystawowych,<br \/>\n\u2013 warsztaty artystyczne: \u201eMalowanie wed\u0142ug Nikifora\u201d, \u201eKrywulki \u0142emkowskie\u201d, \u201eKamieniczki jak z Nikifora\u201d, \u201eZ perspektyw\u0105\u201d,<br \/>\n\u2013 Kram z bi\u017cuteri\u0105 koralikow\u0105,<br \/>\n\u2013 Restauracja uzdrowiskowa TRZY R\u00d3\u017bE, prowadzona przez mistrz\u00f3w kuchni z ZSZ nr 4 w Ostro\u0142\u0119ce.<\/p>\n<p>Mile widziane atrybuty \u201eprawdziwego malarza\u201d (Nikifor szczeg\u00f3lnie upodoba\u0142 sobie kapelusze i fontazie pod szyj\u0105) \ud83d\ude0a<\/p>\n<p>Artystyczny duch znanego malarza b\u0119dzie kr\u0105\u017cy\u0142 po ca\u0142ym muzeum!<\/p>\n<p>Wst\u0119p: 1 z\u0142.<\/p>\n<p>Miejsce: Muzeum Kultury Kurpiowskiej w Ostro\u0142\u0119ce, plac gen. J. Bema 8.<\/p>\n<p>&nbsp;<br \/>\nPatroni medialni:<br \/>\n<a href=\"https:\/\/www.moja-ostroleka.pl\/\">Serwis internetowy Moja Ostro\u0142\u0119ka<\/a><br \/>\n<a href=\"https:\/\/radiooko.pl\/\">Radio Oko<\/a><br \/>\n<a href=\"https:\/\/www.rdc.pl\/\">Radio dla Ciebie<\/a><\/p>\n<p>&nbsp;<\/p>\n<p><img loading=\"lazy\" decoding=\"async\" class=\"aligncenter wp-image-16159 size-full\" src=\"http:\/\/muzeum.ostroleka.pl\/wp-content\/uploads\/2024\/05\/Program_Noc_Muzeow_2024_Pora_na_Nikifora.jpg\" alt=\"Noc Muze\u00f3w 2024 \nPORA NA NIKIFORA\n18 maja 2024, godz.18.00-24.00\n\nNAWET NOC MA KOLORY\nGDY W MUZEUM NIKIFORY\n\nPROGRAM:\ngodz. 18.00 \u2013 otwarcie imprezy Noc Muze\u00f3w 2024 \ngodz. 19.00 \u2013 koncert MUZYKA KARPAT w wykonaniu zespo\u0142u LIPKA I PRZYJACIELE \ngodz. 21.00 \u2013widowisko muzyczno-wizualne NIKI4 YOU w wykonaniu zespo\u0142u RB TRIO \n\nNon stop\n- zgadywanki i krzy\u017c\u00f3wki na salach wystawowych \n- warsztaty artystyczne: Malowanie wed\u0142ug Nikifora, Krywulki \u0142emkowskie, Kamieniczki jak              \n z Nikifora, Z perspektyw\u0105\n- Kram z bi\u017cuteri\u0105 koralikow\u0105 \n- Restauracja uzdrowiskowa TRZY R\u00d3\u017bE prowadzona przez mistrz\u00f3w kuchni z ZSZ nr 4 \n  w Ostro\u0142\u0119ce  \n\nMile widziane atrybuty \u201eprawdziwego malarza\u201d (Nikifor szczeg\u00f3lnie upodoba\u0142 sobie kapelusze i fontazie pod szyj\u0105:) \n\nWst\u0119p 1 z\u0142\nMuzeum Kultury Kurpiowskiej w Ostro\u0142\u0119ce, plac gen. J. Bema 8, www.muzeum.ostroleka.pl\" width=\"1485\" height=\"2048\" srcset=\"https:\/\/muzeum.ostroleka.pl\/wp-content\/uploads\/2024\/05\/Program_Noc_Muzeow_2024_Pora_na_Nikifora.jpg 1485w, https:\/\/muzeum.ostroleka.pl\/wp-content\/uploads\/2024\/05\/Program_Noc_Muzeow_2024_Pora_na_Nikifora-218x300.jpg 218w, https:\/\/muzeum.ostroleka.pl\/wp-content\/uploads\/2024\/05\/Program_Noc_Muzeow_2024_Pora_na_Nikifora-743x1024.jpg 743w, https:\/\/muzeum.ostroleka.pl\/wp-content\/uploads\/2024\/05\/Program_Noc_Muzeow_2024_Pora_na_Nikifora-768x1059.jpg 768w, https:\/\/muzeum.ostroleka.pl\/wp-content\/uploads\/2024\/05\/Program_Noc_Muzeow_2024_Pora_na_Nikifora-1114x1536.jpg 1114w, https:\/\/muzeum.ostroleka.pl\/wp-content\/uploads\/2024\/05\/Program_Noc_Muzeow_2024_Pora_na_Nikifora-326x450.jpg 326w\" sizes=\"auto, (max-width: 1485px) 100vw, 1485px\" \/><\/p>\n","protected":false},"excerpt":{"rendered":"<p>Zapraszamy na Noc Muze\u00f3w pod has\u0142em \u201ePora na Nikifora\u201d, kt\u00f3ra odb\u0119dzie si\u0119 18 maja 2024 r. (sobota) w godz. 18.00-24.00. Tegoroczne wydarzenie nawi\u0105\u017ce do tw\u00f3rczo\u015bci Nikifora Krynickiego! W programie: \u2013 godz. 18.00 \u2013 otwarcie imprezy Noc Muze\u00f3w 2024, \u2013 godz. 19.00 \u2013 koncert MUZYKA KARPAT w wykonaniu zespo\u0142u LIPKA I PRZYJACIELE, \u2013 godz. 21.00 \u2013 [&hellip;]<\/p>\n","protected":false},"author":3,"featured_media":16133,"comment_status":"closed","ping_status":"closed","sticky":false,"template":"","format":"standard","meta":{"_acf_changed":false,"_lmt_disableupdate":"","_lmt_disable":"","_monsterinsights_skip_tracking":false,"_monsterinsights_sitenote_active":false,"_monsterinsights_sitenote_note":"","_monsterinsights_sitenote_category":0,"ngg_post_thumbnail":0,"footnotes":""},"categories":[3],"tags":[],"class_list":["post-16132","post","type-post","status-publish","format-standard","has-post-thumbnail","hentry","category-aktualnosci"],"acf":[],"modified_by":"Daniel Go\u0142a\u015b","_links":{"self":[{"href":"https:\/\/muzeum.ostroleka.pl\/index.php?rest_route=\/wp\/v2\/posts\/16132","targetHints":{"allow":["GET"]}}],"collection":[{"href":"https:\/\/muzeum.ostroleka.pl\/index.php?rest_route=\/wp\/v2\/posts"}],"about":[{"href":"https:\/\/muzeum.ostroleka.pl\/index.php?rest_route=\/wp\/v2\/types\/post"}],"author":[{"embeddable":true,"href":"https:\/\/muzeum.ostroleka.pl\/index.php?rest_route=\/wp\/v2\/users\/3"}],"replies":[{"embeddable":true,"href":"https:\/\/muzeum.ostroleka.pl\/index.php?rest_route=%2Fwp%2Fv2%2Fcomments&post=16132"}],"version-history":[{"count":3,"href":"https:\/\/muzeum.ostroleka.pl\/index.php?rest_route=\/wp\/v2\/posts\/16132\/revisions"}],"predecessor-version":[{"id":16161,"href":"https:\/\/muzeum.ostroleka.pl\/index.php?rest_route=\/wp\/v2\/posts\/16132\/revisions\/16161"}],"wp:featuredmedia":[{"embeddable":true,"href":"https:\/\/muzeum.ostroleka.pl\/index.php?rest_route=\/wp\/v2\/media\/16133"}],"wp:attachment":[{"href":"https:\/\/muzeum.ostroleka.pl\/index.php?rest_route=%2Fwp%2Fv2%2Fmedia&parent=16132"}],"wp:term":[{"taxonomy":"category","embeddable":true,"href":"https:\/\/muzeum.ostroleka.pl\/index.php?rest_route=%2Fwp%2Fv2%2Fcategories&post=16132"},{"taxonomy":"post_tag","embeddable":true,"href":"https:\/\/muzeum.ostroleka.pl\/index.php?rest_route=%2Fwp%2Fv2%2Ftags&post=16132"}],"curies":[{"name":"wp","href":"https:\/\/api.w.org\/{rel}","templated":true}]}}