{"id":16135,"date":"2024-05-12T14:30:36","date_gmt":"2024-05-12T13:30:36","guid":{"rendered":"https:\/\/muzeum.ostroleka.pl\/?p=16135"},"modified":"2024-05-13T14:24:13","modified_gmt":"2024-05-13T13:24:13","slug":"mis-wojtek-ulubiencem-naszych-gosci","status":"publish","type":"post","link":"https:\/\/muzeum.ostroleka.pl\/?p=16135","title":{"rendered":"Mi\u015b Wojtek ulubie\u0144cem naszych go\u015bci"},"content":{"rendered":"<p style=\"text-align: justify;\">Tematem dzisiejszej \u201eNiedzieli w Muzeum\u201d by\u0142 Wojtek \u2013 dzielny nied\u017awied\u017a, kt\u00f3ry bra\u0142 udzia\u0142 w bitwie pod Monte Cassino w 22. Kompanii Zaopatrywania Artylerii w 2. Korpusie Polskim. Ka\u017cdy z uczestnik\u00f3w rodzinnego spotkania tw\u00f3rczego w\u0142asnor\u0119cznie uszy\u0142 misia-bohatera, kt\u00f3ry zawsze przypomni o wiernym i odwa\u017cnym nied\u017awiadku, przyjacielu polskich \u017co\u0142nierzy.<\/p>\n<p>&nbsp;<\/p>\nngg_shortcode_0_placeholder\n","protected":false},"excerpt":{"rendered":"<p>Tematem dzisiejszej \u201eNiedzieli w Muzeum\u201d by\u0142 Wojtek \u2013 dzielny nied\u017awied\u017a, kt\u00f3ry bra\u0142 udzia\u0142 w bitwie pod Monte Cassino w 22. Kompanii Zaopatrywania Artylerii w 2. Korpusie Polskim. Ka\u017cdy z uczestnik\u00f3w rodzinnego spotkania tw\u00f3rczego w\u0142asnor\u0119cznie uszy\u0142 misia-bohatera, kt\u00f3ry zawsze przypomni o wiernym i odwa\u017cnym nied\u017awiadku, przyjacielu polskich \u017co\u0142nierzy. &nbsp;<\/p>\n","protected":false},"author":3,"featured_media":16136,"comment_status":"closed","ping_status":"closed","sticky":false,"template":"","format":"standard","meta":{"_acf_changed":false,"_lmt_disableupdate":"","_lmt_disable":"","_monsterinsights_skip_tracking":false,"_monsterinsights_sitenote_active":false,"_monsterinsights_sitenote_note":"","_monsterinsights_sitenote_category":0,"ngg_post_thumbnail":0,"footnotes":""},"categories":[3],"tags":[],"class_list":["post-16135","post","type-post","status-publish","format-standard","has-post-thumbnail","hentry","category-aktualnosci"],"acf":[],"modified_by":"Daniel Go\u0142a\u015b","_links":{"self":[{"href":"https:\/\/muzeum.ostroleka.pl\/index.php?rest_route=\/wp\/v2\/posts\/16135","targetHints":{"allow":["GET"]}}],"collection":[{"href":"https:\/\/muzeum.ostroleka.pl\/index.php?rest_route=\/wp\/v2\/posts"}],"about":[{"href":"https:\/\/muzeum.ostroleka.pl\/index.php?rest_route=\/wp\/v2\/types\/post"}],"author":[{"embeddable":true,"href":"https:\/\/muzeum.ostroleka.pl\/index.php?rest_route=\/wp\/v2\/users\/3"}],"replies":[{"embeddable":true,"href":"https:\/\/muzeum.ostroleka.pl\/index.php?rest_route=%2Fwp%2Fv2%2Fcomments&post=16135"}],"version-history":[{"count":1,"href":"https:\/\/muzeum.ostroleka.pl\/index.php?rest_route=\/wp\/v2\/posts\/16135\/revisions"}],"predecessor-version":[{"id":16151,"href":"https:\/\/muzeum.ostroleka.pl\/index.php?rest_route=\/wp\/v2\/posts\/16135\/revisions\/16151"}],"wp:featuredmedia":[{"embeddable":true,"href":"https:\/\/muzeum.ostroleka.pl\/index.php?rest_route=\/wp\/v2\/media\/16136"}],"wp:attachment":[{"href":"https:\/\/muzeum.ostroleka.pl\/index.php?rest_route=%2Fwp%2Fv2%2Fmedia&parent=16135"}],"wp:term":[{"taxonomy":"category","embeddable":true,"href":"https:\/\/muzeum.ostroleka.pl\/index.php?rest_route=%2Fwp%2Fv2%2Fcategories&post=16135"},{"taxonomy":"post_tag","embeddable":true,"href":"https:\/\/muzeum.ostroleka.pl\/index.php?rest_route=%2Fwp%2Fv2%2Ftags&post=16135"}],"curies":[{"name":"wp","href":"https:\/\/api.w.org\/{rel}","templated":true}]}}