{"id":16152,"date":"2024-05-13T14:51:28","date_gmt":"2024-05-13T13:51:28","guid":{"rendered":"https:\/\/muzeum.ostroleka.pl\/?p=16152"},"modified":"2024-05-27T13:43:15","modified_gmt":"2024-05-27T12:43:15","slug":"konkurs","status":"publish","type":"post","link":"https:\/\/muzeum.ostroleka.pl\/?p=16152","title":{"rendered":"Konkurs"},"content":{"rendered":"<p style=\"text-align: justify;\">Muzeum Kultury Kurpiowskiej i Stowarzyszenie Przyjaci\u00f3\u0142 Bibliotek i Ksi\u0105\u017cki og\u0142aszaj\u0105 konkurs na ekfraz\u0119 inspirowan\u0105 obrazami Nikifora Krynickiego.<\/p>\n<p style=\"text-align: justify;\">&nbsp;<\/p>\n<p style=\"text-align: justify;\">Regulamin:<br \/>\n\u2022&nbsp; &nbsp;Ekfraza mo\u017ce dotyczy\u0107 tylko jednego obrazu Nikifora, spo\u015br\u00f3d prezentowanych na wystawie w Muzeum Kultury Kurpiowskiej w Ostro\u0142\u0119ce przy placu gen. J. Bema 8.<\/p>\n<p style=\"text-align: justify;\">\u2022&nbsp; &nbsp;Wystaw\u0119 \u201eNikifor. Malarz nad malarzami\u201d mo\u017cna zwiedza\u0107 w godzinach otwarcia Muzeum.<\/p>\n<p style=\"text-align: justify;\">\u2022&nbsp; &nbsp;Utwory (wiersze lub kr\u00f3tka proza maksymalnie 2 strony formatu A4, czcionka 12 Times New Roman) nale\u017cy przesy\u0142a\u0107 poczt\u0105 internetow\u0105 na adres milosnicyslowa@wp.pl w terminie do 31 maja 2024 r.<\/p>\n<p style=\"text-align: justify;\">\u2022&nbsp; &nbsp;Utw\u00f3r powinien by\u0107 podpisany imieniem i nazwiskiem autora oraz opatrzony tytu\u0142em obrazu Nikifora. Ponadto nale\u017cy do\u0142\u0105czy\u0107 dane osobiste autora: nazwisko i adres autora oraz kontakt e-mailowy lub telefoniczny.<\/p>\n<p style=\"text-align: justify;\">\u2022&nbsp; &nbsp;Najlepsze prace zostan\u0105 opublikowane w \u201eOstro\u0142\u0119ckim Roczniku Literackim Przydro\u017ca\u201d nr 11 oraz na stronie internetowej Muzeum. Natomiast ich autorzy otrzymaj\u0105 dyplomy i nagrody ksi\u0105\u017ckowe.<\/p>\n<p style=\"text-align: justify;\">\u2022&nbsp; &nbsp;Nades\u0142ane prace oceni jury pod kierunkiem dr. hab. Karola Samsela.<\/p>\n<p style=\"text-align: justify;\">\u2022&nbsp; &nbsp;Og\u0142oszenie wynik\u00f3w Konkursu odb\u0119dzie si\u0119 podczas finisa\u017cu wystawy w niedziel\u0119 16 czerwca 2024 r. o godz. 14.00 w siedzibie Muzeum Kultury Kurpiowskiej w Ostro\u0142\u0119ce przy placu gen. J. Bema 8.<\/p>\n<p style=\"text-align: justify;\">\u2022&nbsp; &nbsp;Autorzy nagrodzonych prac zostan\u0105 poproszeni o dostarczenie o\u015bwiadczenia uczestnika konkursu dotycz\u0105ce wykorzystania danych osobowych i odnosz\u0105ce si\u0119 do praw autorskich.<\/p>\n<p style=\"text-align: justify;\">\u2022&nbsp; &nbsp;Organizatorzy nie zwracaj\u0105 nades\u0142anych na konkurs prac literackich.<\/p>\n<p style=\"text-align: justify;\">\u2022&nbsp; &nbsp;Bli\u017csze informacje: Dzia\u0142 Edukacji i Promocji MKK pod numerem tel. 29 764 54 43 wew. 43 lub poprzez e-mail edukacja@muzeum.ostroleka.pl albo Zarz\u0105d SPBiK tel. 503 114 397, lub e-mail milosnicyslowa@wp.pl.<\/p>\n<p style=\"text-align: justify;\">&nbsp;<\/p>\n<p style=\"text-align: justify;\">Serdecznie zapraszamy.<\/p>\n","protected":false},"excerpt":{"rendered":"<p>Muzeum Kultury Kurpiowskiej i Stowarzyszenie Przyjaci\u00f3\u0142 Bibliotek i Ksi\u0105\u017cki og\u0142aszaj\u0105 konkurs na ekfraz\u0119 inspirowan\u0105 obrazami Nikifora Krynickiego. &nbsp; Regulamin: \u2022&nbsp; &nbsp;Ekfraza mo\u017ce dotyczy\u0107 tylko jednego obrazu Nikifora, spo\u015br\u00f3d prezentowanych na wystawie w Muzeum Kultury Kurpiowskiej w Ostro\u0142\u0119ce przy placu gen. J. Bema 8. \u2022&nbsp; &nbsp;Wystaw\u0119 \u201eNikifor. Malarz nad malarzami\u201d mo\u017cna zwiedza\u0107 w godzinach otwarcia Muzeum. [&hellip;]<\/p>\n","protected":false},"author":3,"featured_media":16315,"comment_status":"closed","ping_status":"closed","sticky":false,"template":"","format":"standard","meta":{"_acf_changed":false,"_lmt_disableupdate":"","_lmt_disable":"","_monsterinsights_skip_tracking":false,"_monsterinsights_sitenote_active":false,"_monsterinsights_sitenote_note":"","_monsterinsights_sitenote_category":0,"ngg_post_thumbnail":0,"footnotes":""},"categories":[3],"tags":[],"class_list":["post-16152","post","type-post","status-publish","format-standard","has-post-thumbnail","hentry","category-aktualnosci"],"acf":[],"modified_by":"Daniel Go\u0142a\u015b","_links":{"self":[{"href":"https:\/\/muzeum.ostroleka.pl\/index.php?rest_route=\/wp\/v2\/posts\/16152","targetHints":{"allow":["GET"]}}],"collection":[{"href":"https:\/\/muzeum.ostroleka.pl\/index.php?rest_route=\/wp\/v2\/posts"}],"about":[{"href":"https:\/\/muzeum.ostroleka.pl\/index.php?rest_route=\/wp\/v2\/types\/post"}],"author":[{"embeddable":true,"href":"https:\/\/muzeum.ostroleka.pl\/index.php?rest_route=\/wp\/v2\/users\/3"}],"replies":[{"embeddable":true,"href":"https:\/\/muzeum.ostroleka.pl\/index.php?rest_route=%2Fwp%2Fv2%2Fcomments&post=16152"}],"version-history":[{"count":2,"href":"https:\/\/muzeum.ostroleka.pl\/index.php?rest_route=\/wp\/v2\/posts\/16152\/revisions"}],"predecessor-version":[{"id":16154,"href":"https:\/\/muzeum.ostroleka.pl\/index.php?rest_route=\/wp\/v2\/posts\/16152\/revisions\/16154"}],"wp:featuredmedia":[{"embeddable":true,"href":"https:\/\/muzeum.ostroleka.pl\/index.php?rest_route=\/wp\/v2\/media\/16315"}],"wp:attachment":[{"href":"https:\/\/muzeum.ostroleka.pl\/index.php?rest_route=%2Fwp%2Fv2%2Fmedia&parent=16152"}],"wp:term":[{"taxonomy":"category","embeddable":true,"href":"https:\/\/muzeum.ostroleka.pl\/index.php?rest_route=%2Fwp%2Fv2%2Fcategories&post=16152"},{"taxonomy":"post_tag","embeddable":true,"href":"https:\/\/muzeum.ostroleka.pl\/index.php?rest_route=%2Fwp%2Fv2%2Ftags&post=16152"}],"curies":[{"name":"wp","href":"https:\/\/api.w.org\/{rel}","templated":true}]}}