{"id":16167,"date":"2024-05-21T13:51:19","date_gmt":"2024-05-21T12:51:19","guid":{"rendered":"https:\/\/muzeum.ostroleka.pl\/?p=16167"},"modified":"2024-05-21T14:26:34","modified_gmt":"2024-05-21T13:26:34","slug":"zaproszenie-na-obchody-193-rocznicy-bitwy-pod-ostroleka","status":"publish","type":"post","link":"https:\/\/muzeum.ostroleka.pl\/?p=16167","title":{"rendered":"Zaproszenie na obchody 193. rocznicy bitwy pod Ostro\u0142\u0119k\u0105"},"content":{"rendered":"<p style=\"text-align: justify;\">Dyrekcja Muzeum Kultury Kurpiowskiej w Ostro\u0142\u0119ce ma zaszczyt zaprosi\u0107 na uroczyste obchody 193. rocznicy bitwy pod Ostro\u0142\u0119k\u0105, stoczonej 26 maja 1831 roku.<\/p>\n<p style=\"text-align: justify;\">Uroczysto\u015bci odb\u0119d\u0105 si\u0119 25 maja br. (sobota) o godz. 15.00 na Fortach Bema w Ostro\u0142\u0119ce przy ul. Warszawskiej 2A.<\/p>\n<p style=\"text-align: justify;\">W krypcie Pomnika Mauzoleum, gdzie spoczywaj\u0105 prochy bohater\u00f3w, b\u0119dzie mia\u0142o miejsce z\u0142o\u017cenie kwiat\u00f3w i oddanie ho\u0142du powsta\u0144com, nast\u0119pnie zostanie odprawiona msza \u015bwi\u0119ta w intencji poleg\u0142ych. W alei bohater\u00f3w odb\u0119dzie si\u0119 posadzenie d\u0119bu upami\u0119tniaj\u0105cego posta\u0107 genera\u0142a Ignacego Pr\u0105dzy\u0144skiego.<\/p>\n","protected":false},"excerpt":{"rendered":"<p>Dyrekcja Muzeum Kultury Kurpiowskiej w Ostro\u0142\u0119ce ma zaszczyt zaprosi\u0107 na uroczyste obchody 193. rocznicy bitwy pod Ostro\u0142\u0119k\u0105, stoczonej 26 maja 1831 roku. Uroczysto\u015bci odb\u0119d\u0105 si\u0119 25 maja br. (sobota) o godz. 15.00 na Fortach Bema w Ostro\u0142\u0119ce przy ul. Warszawskiej 2A. W krypcie Pomnika Mauzoleum, gdzie spoczywaj\u0105 prochy bohater\u00f3w, b\u0119dzie mia\u0142o miejsce z\u0142o\u017cenie kwiat\u00f3w i [&hellip;]<\/p>\n","protected":false},"author":3,"featured_media":16170,"comment_status":"closed","ping_status":"closed","sticky":false,"template":"","format":"standard","meta":{"_acf_changed":false,"_lmt_disableupdate":"","_lmt_disable":"","_monsterinsights_skip_tracking":false,"_monsterinsights_sitenote_active":false,"_monsterinsights_sitenote_note":"","_monsterinsights_sitenote_category":0,"ngg_post_thumbnail":0,"footnotes":""},"categories":[3],"tags":[],"class_list":["post-16167","post","type-post","status-publish","format-standard","has-post-thumbnail","hentry","category-aktualnosci"],"acf":[],"modified_by":"Daniel Go\u0142a\u015b","_links":{"self":[{"href":"https:\/\/muzeum.ostroleka.pl\/index.php?rest_route=\/wp\/v2\/posts\/16167","targetHints":{"allow":["GET"]}}],"collection":[{"href":"https:\/\/muzeum.ostroleka.pl\/index.php?rest_route=\/wp\/v2\/posts"}],"about":[{"href":"https:\/\/muzeum.ostroleka.pl\/index.php?rest_route=\/wp\/v2\/types\/post"}],"author":[{"embeddable":true,"href":"https:\/\/muzeum.ostroleka.pl\/index.php?rest_route=\/wp\/v2\/users\/3"}],"replies":[{"embeddable":true,"href":"https:\/\/muzeum.ostroleka.pl\/index.php?rest_route=%2Fwp%2Fv2%2Fcomments&post=16167"}],"version-history":[{"count":4,"href":"https:\/\/muzeum.ostroleka.pl\/index.php?rest_route=\/wp\/v2\/posts\/16167\/revisions"}],"predecessor-version":[{"id":16172,"href":"https:\/\/muzeum.ostroleka.pl\/index.php?rest_route=\/wp\/v2\/posts\/16167\/revisions\/16172"}],"wp:featuredmedia":[{"embeddable":true,"href":"https:\/\/muzeum.ostroleka.pl\/index.php?rest_route=\/wp\/v2\/media\/16170"}],"wp:attachment":[{"href":"https:\/\/muzeum.ostroleka.pl\/index.php?rest_route=%2Fwp%2Fv2%2Fmedia&parent=16167"}],"wp:term":[{"taxonomy":"category","embeddable":true,"href":"https:\/\/muzeum.ostroleka.pl\/index.php?rest_route=%2Fwp%2Fv2%2Fcategories&post=16167"},{"taxonomy":"post_tag","embeddable":true,"href":"https:\/\/muzeum.ostroleka.pl\/index.php?rest_route=%2Fwp%2Fv2%2Ftags&post=16167"}],"curies":[{"name":"wp","href":"https:\/\/api.w.org\/{rel}","templated":true}]}}