{"id":16213,"date":"2024-05-22T09:28:49","date_gmt":"2024-05-22T08:28:49","guid":{"rendered":"https:\/\/muzeum.ostroleka.pl\/?p=16213"},"modified":"2024-05-22T09:32:07","modified_gmt":"2024-05-22T08:32:07","slug":"noc-muzeow-2024-za-nami","status":"publish","type":"post","link":"https:\/\/muzeum.ostroleka.pl\/?p=16213","title":{"rendered":"Noc Muze\u00f3w 2024 za nami"},"content":{"rendered":"<p style=\"text-align: justify;\">Noc Muze\u00f3w 2024 min\u0119\u0142a u nas pod znakiem Nikifora Krynickiego. Odwiedzi\u0142o nas ponad 700 go\u015bci, kt\u00f3rzy bawili si\u0119 z nami na koncertach, brali udzia\u0142 w warsztatach tw\u00f3rczych oraz zwiedzali muzealne wystawy, rozwi\u0105zuj\u0105c przy tym zadania i zagadki na kartach edukacyjnych. Ka\u017cdy m\u00f3g\u0142 spotka\u0107 i pozna\u0107 Nikifora, niezwyk\u0142ego artyst\u0119 malarza, kt\u00f3rego prace zdobi\u0105 nasze Muzeum.<br \/>\nPodczas sobotniej Nocy Muze\u00f3w zosta\u0142y wr\u0119czone dyplomy uczestnikom naszego pleneru malarskiego \u201eOstro\u0142\u0119ckie Nikifory\u201d oraz otworzyli\u015bmy wystaw\u0119 powsta\u0142ych prac. Dodatkowo zosta\u0142a wyemitowana limitowana edycja poczt\u00f3wek z pracami uczestnik\u00f3w pleneru. Poczt\u00f3wki s\u0105 jeszcze do nabycia w muzealnym sklepiku.<\/p>\n<p style=\"text-align: justify;\">Serdecznie dzi\u0119kujemy artystom, muzykom, uczennicom z Zespo\u0142u Szk\u00f3\u0142 Zawodowych nr 4 im. Adama Ch\u0119tnika, wszystkim naszym go\u015bciom oraz patronom tegorocznej Nocy Muze\u00f3w pod has\u0142em \u201ePora na Nikifora\u201d.<\/p>\n<p>&nbsp;<\/p>\n<p>Patroni medialni:<br \/>\n<a href=\"https:\/\/www.moja-ostroleka.pl\/\">Serwis internetowy Moja Ostro\u0142\u0119ka<\/a><br \/>\n<a href=\"https:\/\/radiooko.pl\/\">Radio Oko<\/a><br \/>\n<a href=\"https:\/\/www.rdc.pl\/\">Radio dla Ciebie<\/a><\/p>\n<p>&nbsp;<\/p>\nngg_shortcode_0_placeholder\n","protected":false},"excerpt":{"rendered":"<p>Noc Muze\u00f3w 2024 min\u0119\u0142a u nas pod znakiem Nikifora Krynickiego. Odwiedzi\u0142o nas ponad 700 go\u015bci, kt\u00f3rzy bawili si\u0119 z nami na koncertach, brali udzia\u0142 w warsztatach tw\u00f3rczych oraz zwiedzali muzealne wystawy, rozwi\u0105zuj\u0105c przy tym zadania i zagadki na kartach edukacyjnych. Ka\u017cdy m\u00f3g\u0142 spotka\u0107 i pozna\u0107 Nikifora, niezwyk\u0142ego artyst\u0119 malarza, kt\u00f3rego prace zdobi\u0105 nasze Muzeum. Podczas [&hellip;]<\/p>\n","protected":false},"author":3,"featured_media":16174,"comment_status":"closed","ping_status":"closed","sticky":false,"template":"","format":"standard","meta":{"_acf_changed":false,"_lmt_disableupdate":"","_lmt_disable":"","_monsterinsights_skip_tracking":false,"_monsterinsights_sitenote_active":false,"_monsterinsights_sitenote_note":"","_monsterinsights_sitenote_category":0,"ngg_post_thumbnail":0,"footnotes":""},"categories":[3],"tags":[],"class_list":["post-16213","post","type-post","status-publish","format-standard","has-post-thumbnail","hentry","category-aktualnosci"],"acf":[],"modified_by":"Daniel Go\u0142a\u015b","_links":{"self":[{"href":"https:\/\/muzeum.ostroleka.pl\/index.php?rest_route=\/wp\/v2\/posts\/16213","targetHints":{"allow":["GET"]}}],"collection":[{"href":"https:\/\/muzeum.ostroleka.pl\/index.php?rest_route=\/wp\/v2\/posts"}],"about":[{"href":"https:\/\/muzeum.ostroleka.pl\/index.php?rest_route=\/wp\/v2\/types\/post"}],"author":[{"embeddable":true,"href":"https:\/\/muzeum.ostroleka.pl\/index.php?rest_route=\/wp\/v2\/users\/3"}],"replies":[{"embeddable":true,"href":"https:\/\/muzeum.ostroleka.pl\/index.php?rest_route=%2Fwp%2Fv2%2Fcomments&post=16213"}],"version-history":[{"count":3,"href":"https:\/\/muzeum.ostroleka.pl\/index.php?rest_route=\/wp\/v2\/posts\/16213\/revisions"}],"predecessor-version":[{"id":16249,"href":"https:\/\/muzeum.ostroleka.pl\/index.php?rest_route=\/wp\/v2\/posts\/16213\/revisions\/16249"}],"wp:featuredmedia":[{"embeddable":true,"href":"https:\/\/muzeum.ostroleka.pl\/index.php?rest_route=\/wp\/v2\/media\/16174"}],"wp:attachment":[{"href":"https:\/\/muzeum.ostroleka.pl\/index.php?rest_route=%2Fwp%2Fv2%2Fmedia&parent=16213"}],"wp:term":[{"taxonomy":"category","embeddable":true,"href":"https:\/\/muzeum.ostroleka.pl\/index.php?rest_route=%2Fwp%2Fv2%2Fcategories&post=16213"},{"taxonomy":"post_tag","embeddable":true,"href":"https:\/\/muzeum.ostroleka.pl\/index.php?rest_route=%2Fwp%2Fv2%2Ftags&post=16213"}],"curies":[{"name":"wp","href":"https:\/\/api.w.org\/{rel}","templated":true}]}}