{"id":16253,"date":"2024-05-25T17:27:49","date_gmt":"2024-05-25T16:27:49","guid":{"rendered":"https:\/\/muzeum.ostroleka.pl\/?p=16253"},"modified":"2024-05-27T13:35:40","modified_gmt":"2024-05-27T12:35:40","slug":"obchody-193-rocznicy-bitwy-pod-ostroleka","status":"publish","type":"post","link":"https:\/\/muzeum.ostroleka.pl\/?p=16253","title":{"rendered":"Obchody 193. rocznicy bitwy pod Ostro\u0142\u0119k\u0105"},"content":{"rendered":"<p style=\"text-align: justify;\">Dzisiaj w Pomniku Mauzoleum, pod sarkofagiem z prochami bohater\u00f3w zosta\u0142y z\u0142o\u017cone kwiaty, jak r\u00f3wnie\u017c odprawiona msza \u015bwi\u0119ta w intencji \u017co\u0142nierzy poleg\u0142ych w bitwie pod Ostro\u0142\u0119k\u0105 stoczonej 26 maja 1831 roku. Msz\u0119 celebrowa\u0142 ks. \u0141ukasz Murawski z parafii pw. Nawiedzenia Naj\u015bwi\u0119tszej Maryi Panny w Ostro\u0142\u0119ce. Nast\u0119pnie w Alei Bohater\u00f3w odby\u0142o si\u0119 posadzenie d\u0119bu po\u015bwi\u0119conego genera\u0142owi Ignacemu Pr\u0105dzy\u0144skiemu. W uroczysto\u015bciach zwi\u0105zanych z przypadaj\u0105c\u0105 w dniu jutrzejszym 193. rocznic\u0105 bitwy pod Ostro\u0142\u0119k\u0105 wzi\u0119li udzia\u0142: dyrekcja i pracownicy Muzeum Kultury Kurpiowskiej, przedstawiciele lokalnych w\u0142adz, Wojska Polskiego, Stra\u017cy Miejskiej oraz harcerze.<\/p>\n<p>&nbsp;<\/p>\nngg_shortcode_0_placeholder\n","protected":false},"excerpt":{"rendered":"<p>Dzisiaj w Pomniku Mauzoleum, pod sarkofagiem z prochami bohater\u00f3w zosta\u0142y z\u0142o\u017cone kwiaty, jak r\u00f3wnie\u017c odprawiona msza \u015bwi\u0119ta w intencji \u017co\u0142nierzy poleg\u0142ych w bitwie pod Ostro\u0142\u0119k\u0105 stoczonej 26 maja 1831 roku. Msz\u0119 celebrowa\u0142 ks. \u0141ukasz Murawski z parafii pw. Nawiedzenia Naj\u015bwi\u0119tszej Maryi Panny w Ostro\u0142\u0119ce. Nast\u0119pnie w Alei Bohater\u00f3w odby\u0142o si\u0119 posadzenie d\u0119bu po\u015bwi\u0119conego genera\u0142owi Ignacemu [&hellip;]<\/p>\n","protected":false},"author":3,"featured_media":16274,"comment_status":"closed","ping_status":"closed","sticky":false,"template":"","format":"standard","meta":{"_acf_changed":false,"_lmt_disableupdate":"","_lmt_disable":"","_monsterinsights_skip_tracking":false,"_monsterinsights_sitenote_active":false,"_monsterinsights_sitenote_note":"","_monsterinsights_sitenote_category":0,"ngg_post_thumbnail":0,"footnotes":""},"categories":[3],"tags":[],"class_list":["post-16253","post","type-post","status-publish","format-standard","has-post-thumbnail","hentry","category-aktualnosci"],"acf":[],"modified_by":"Daniel Go\u0142a\u015b","_links":{"self":[{"href":"https:\/\/muzeum.ostroleka.pl\/index.php?rest_route=\/wp\/v2\/posts\/16253","targetHints":{"allow":["GET"]}}],"collection":[{"href":"https:\/\/muzeum.ostroleka.pl\/index.php?rest_route=\/wp\/v2\/posts"}],"about":[{"href":"https:\/\/muzeum.ostroleka.pl\/index.php?rest_route=\/wp\/v2\/types\/post"}],"author":[{"embeddable":true,"href":"https:\/\/muzeum.ostroleka.pl\/index.php?rest_route=\/wp\/v2\/users\/3"}],"replies":[{"embeddable":true,"href":"https:\/\/muzeum.ostroleka.pl\/index.php?rest_route=%2Fwp%2Fv2%2Fcomments&post=16253"}],"version-history":[{"count":2,"href":"https:\/\/muzeum.ostroleka.pl\/index.php?rest_route=\/wp\/v2\/posts\/16253\/revisions"}],"predecessor-version":[{"id":16314,"href":"https:\/\/muzeum.ostroleka.pl\/index.php?rest_route=\/wp\/v2\/posts\/16253\/revisions\/16314"}],"wp:featuredmedia":[{"embeddable":true,"href":"https:\/\/muzeum.ostroleka.pl\/index.php?rest_route=\/wp\/v2\/media\/16274"}],"wp:attachment":[{"href":"https:\/\/muzeum.ostroleka.pl\/index.php?rest_route=%2Fwp%2Fv2%2Fmedia&parent=16253"}],"wp:term":[{"taxonomy":"category","embeddable":true,"href":"https:\/\/muzeum.ostroleka.pl\/index.php?rest_route=%2Fwp%2Fv2%2Fcategories&post=16253"},{"taxonomy":"post_tag","embeddable":true,"href":"https:\/\/muzeum.ostroleka.pl\/index.php?rest_route=%2Fwp%2Fv2%2Ftags&post=16253"}],"curies":[{"name":"wp","href":"https:\/\/api.w.org\/{rel}","templated":true}]}}