{"id":16316,"date":"2024-05-27T14:37:57","date_gmt":"2024-05-27T13:37:57","guid":{"rendered":"https:\/\/muzeum.ostroleka.pl\/?p=16316"},"modified":"2024-05-28T08:06:41","modified_gmt":"2024-05-28T07:06:41","slug":"mazowiecki-dzien-rodziny-w-zagrodzie-kurpiowskiej-w-kadzidle","status":"publish","type":"post","link":"https:\/\/muzeum.ostroleka.pl\/?p=16316","title":{"rendered":"Mazowiecki Dzie\u0144 Rodziny w Zagrodzie Kurpiowskiej w Kadzidle"},"content":{"rendered":"<p>Wczoraj w Zagrodzie Kurpiowskiej w Kadzidle odby\u0142 si\u0119 Mazowiecki Dzie\u0144 Rodziny. Zabawom nie by\u0142o ko\u0144ca. Dzieci\u0119cy u\u015bmiech i rado\u015b\u0107 bez przerwy go\u015bci\u0142y na twarzach uczestnik\u00f3w. Ponad osiemset os\u00f3b sp\u0119dzi\u0142o niedzielne popo\u0142udnie we wspania\u0142ej rodzinnej atmosferze. W\u015br\u00f3d atrakcji odbywa\u0142y si\u0119 m.in. przeja\u017cd\u017cki na kucykach, spotkania z alpakami, warsztaty r\u0119kodzielnicze prowadzone przez tw\u00f3rczynie kurpiowskie, degustacje kurpiowskich specja\u0142\u00f3w przygotowane przez Ko\u0142a Gospody\u0144 Wielskich, gry i zabawy, w tym malowanie twarzy, ko\u0142o fortuny, wy\u015bcigi, ta\u0144ce, dmuchane zje\u017cd\u017calnie, balonowe show w wykonaniu Patrycji Lipi\u0144skiej, a tak\u017ce katering dietetyczny.<br \/>\nNa koniec serca ca\u0142ych rodzin skrad\u0142 gwiazdor wieczoru \u2013 S\u0142awomir.<\/p>\n<p>Organizatorem wydarzenia by\u0142o Muzeum Kultury Kurpiowskiej w Ostro\u0142\u0119ce.<\/p>\n<p>Projekt jest finansowany ze \u015brodk\u00f3w Samorz\u0105du Wojew\u00f3dztwa Mazowieckiego w ramach Bud\u017cetu Obywatelskiego Mazowsza.<\/p>\nngg_shortcode_0_placeholder\n","protected":false},"excerpt":{"rendered":"<p>Wczoraj w Zagrodzie Kurpiowskiej w Kadzidle odby\u0142 si\u0119 Mazowiecki Dzie\u0144 Rodziny. Zabawom nie by\u0142o ko\u0144ca. Dzieci\u0119cy u\u015bmiech i rado\u015b\u0107 bez przerwy go\u015bci\u0142y na twarzach uczestnik\u00f3w. Ponad osiemset os\u00f3b sp\u0119dzi\u0142o niedzielne popo\u0142udnie we wspania\u0142ej rodzinnej atmosferze. W\u015br\u00f3d atrakcji odbywa\u0142y si\u0119 m.in. przeja\u017cd\u017cki na kucykach, spotkania z alpakami, warsztaty r\u0119kodzielnicze prowadzone przez tw\u00f3rczynie kurpiowskie, degustacje kurpiowskich specja\u0142\u00f3w [&hellip;]<\/p>\n","protected":false},"author":3,"featured_media":16317,"comment_status":"closed","ping_status":"closed","sticky":false,"template":"","format":"standard","meta":{"_acf_changed":false,"_lmt_disableupdate":"","_lmt_disable":"","_monsterinsights_skip_tracking":false,"_monsterinsights_sitenote_active":false,"_monsterinsights_sitenote_note":"","_monsterinsights_sitenote_category":0,"ngg_post_thumbnail":0,"footnotes":""},"categories":[3],"tags":[],"class_list":["post-16316","post","type-post","status-publish","format-standard","has-post-thumbnail","hentry","category-aktualnosci"],"acf":[],"modified_by":"Daniel Go\u0142a\u015b","_links":{"self":[{"href":"https:\/\/muzeum.ostroleka.pl\/index.php?rest_route=\/wp\/v2\/posts\/16316","targetHints":{"allow":["GET"]}}],"collection":[{"href":"https:\/\/muzeum.ostroleka.pl\/index.php?rest_route=\/wp\/v2\/posts"}],"about":[{"href":"https:\/\/muzeum.ostroleka.pl\/index.php?rest_route=\/wp\/v2\/types\/post"}],"author":[{"embeddable":true,"href":"https:\/\/muzeum.ostroleka.pl\/index.php?rest_route=\/wp\/v2\/users\/3"}],"replies":[{"embeddable":true,"href":"https:\/\/muzeum.ostroleka.pl\/index.php?rest_route=%2Fwp%2Fv2%2Fcomments&post=16316"}],"version-history":[{"count":2,"href":"https:\/\/muzeum.ostroleka.pl\/index.php?rest_route=\/wp\/v2\/posts\/16316\/revisions"}],"predecessor-version":[{"id":16360,"href":"https:\/\/muzeum.ostroleka.pl\/index.php?rest_route=\/wp\/v2\/posts\/16316\/revisions\/16360"}],"wp:featuredmedia":[{"embeddable":true,"href":"https:\/\/muzeum.ostroleka.pl\/index.php?rest_route=\/wp\/v2\/media\/16317"}],"wp:attachment":[{"href":"https:\/\/muzeum.ostroleka.pl\/index.php?rest_route=%2Fwp%2Fv2%2Fmedia&parent=16316"}],"wp:term":[{"taxonomy":"category","embeddable":true,"href":"https:\/\/muzeum.ostroleka.pl\/index.php?rest_route=%2Fwp%2Fv2%2Fcategories&post=16316"},{"taxonomy":"post_tag","embeddable":true,"href":"https:\/\/muzeum.ostroleka.pl\/index.php?rest_route=%2Fwp%2Fv2%2Ftags&post=16316"}],"curies":[{"name":"wp","href":"https:\/\/api.w.org\/{rel}","templated":true}]}}