{"id":16368,"date":"2024-05-28T13:41:44","date_gmt":"2024-05-28T12:41:44","guid":{"rendered":"https:\/\/muzeum.ostroleka.pl\/?p=16368"},"modified":"2024-05-28T13:41:44","modified_gmt":"2024-05-28T12:41:44","slug":"zapraszamy-do-udzialu-w-xxiii-warsztatach-etnograficznych-ginace-zawody","status":"publish","type":"post","link":"https:\/\/muzeum.ostroleka.pl\/?p=16368","title":{"rendered":"Zapraszamy do udzia\u0142u w XXIII warsztatach etnograficznych \u201eGin\u0105ce Zawody\u201d"},"content":{"rendered":"<p style=\"text-align: justify;\">Ruszy\u0142y zapisy na <strong>XXIII warsztaty etnograficzne \u201eGin\u0105ce Zawody\u201d<\/strong>, kt\u00f3re odb\u0119d\u0105 si\u0119 w dniach 4\u20136 czerwca 2024 r. w godz. 9.00\u201315.00 w Zagrodzie Kurpiowskiej w Kadzidle przy ul. Trasa Mazurska 1B. W tym roku tematem przewodnim warsztat\u00f3w b\u0119d\u0105 przydro\u017cne kapliczki i \u015bwi\u0105tki kurpiowskie pami\u0105tki.<\/p>\n<div class=\"x11i5rnm xat24cr x1mh8g0r x1vvkbs xtlvy1s x126k92a\">\n<div dir=\"auto\" style=\"text-align: justify;\">Przez trzy dni b\u0119dzie mo\u017cna obserwowa\u0107 prac\u0119 kurpiowskich tw\u00f3rc\u00f3w w dziedzinach takich jak: wycinankarstwo, plecionkarstwo, garncarstwo, rze\u017abiarstwo, tkactwo, kowalstwo, budownictwo, przyjrze\u0107 si\u0119 procesowi obr\u00f3bki lnu, czy wypiekowi chleba i uzyskiwania mas\u0142a. Uczestnicy poznaj\u0105 spos\u00f3b wykonywania pieczywa obrz\u0119dowego, zobacz\u0105 jak powstawa\u0142y zabawki, elementy stroju, ozdoby do dekorowania izb oraz dowiedz\u0105 si\u0119, w jaki spos\u00f3b ziarna zb\u00f3\u017c zamieniaj\u0105 si\u0119 w m\u0105k\u0119, albo jak kiedy\u015b prano bez u\u017cycia pralki. Ka\u017cdy z uczestnik\u00f3w b\u0119dzie m\u00f3g\u0142 spr\u00f3bowa\u0107 w\u0142asnych si\u0142 w poszczeg\u00f3lnych dziedzinach.<\/div>\n<\/div>\n<div class=\"x11i5rnm xat24cr x1mh8g0r x1vvkbs xtlvy1s x126k92a\">\n<div dir=\"auto\" style=\"text-align: justify;\">&nbsp;<\/div>\n<div dir=\"auto\" style=\"text-align: justify;\">B\u0119dzie to wspania\u0142a okazja by pozna\u0107 sztuki wykonywania zawod\u00f3w, kt\u00f3re niegdy\u015b by\u0142y niezb\u0119dne dla funkcjonowania ka\u017cdego gospodarstwa. Dynamicznie rozwijaj\u0105ce si\u0119 technologie sprawi\u0142y, \u017ce wiele dawnych czynno\u015bci wykonuj\u0105 dzisiaj maszyny, lecz mimo powszechnego post\u0119pu r\u0119cznie wykonywane prace zn\u00f3w wracaj\u0105 do \u0142ask. Niezaprzeczalne walory tradycyjnie wykonywanych przedmiot\u00f3w, takie jak niepowtarzalno\u015b\u0107, pi\u0119kno i wyj\u0105tkowy charakter ciesz\u0105 si\u0119 coraz wi\u0119kszym uznaniem spo\u0142ecze\u0144stwa.<\/div>\n<\/div>\n<p>Uroczyste otwarcie warsztat\u00f3w nast\u0105pi 4 czerwca (wtorek) o godzinie 11.00.<\/p>\n<p>Zapisy przyjmuje Zagroda Kurpiowska w Kadzidle, pod numerem tel. 29 761 82 00.<\/p>\n<p>Op\u0142ata za wst\u0119p na teren Zagrody Kurpiowskiej wynosi 8 z\u0142 od osoby, natomiast udzia\u0142 w warsztatach etnograficznych jest <strong>bezp\u0142atny<\/strong>.<\/p>\n<p>Serdecznie zapraszamy!<\/p>\n<p>&nbsp;<\/p>\n<p><strong>Patron honorowy:<\/strong><br \/>\nMarsza\u0142ek Wojew\u00f3dztwa Mazowieckiego<\/p>\n<p><strong>Organizator:<\/strong><br \/>\nStowarzyszenie Artyst\u00f3w Kurpiowskich<\/p>\n<p><strong>Wsp\u00f3\u0142organizatorzy:<\/strong><br \/>\nMuzeum Kultury Kurpiowskiej w Ostro\u0142\u0119ce<br \/>\nZagroda Kurpiowska w Kadzidle<br \/>\nPowiat Ostro\u0142\u0119cki<br \/>\nGmina Kadzid\u0142o<br \/>\nCentrum Kultury Kurpiowskiej<\/p>\n<p>Patroni medialni:<br \/>\n<a href=\"https:\/\/radiooko.pl\/\">Radio Oko<\/a><br \/>\n<a href=\"https:\/\/www.moja-ostroleka.pl\/\">Moja Ostro\u0142\u0119ka<\/a><br \/>\n<a href=\"http:\/\/biartek.pl\/\">Biartek.pl<\/a><\/p>\n<p>Zadanie publiczne pn. XXIII Warsztaty etnograficzne \u201eGin\u0105ce Zawody\u201d 2024 dofinansowane ze \u015brodk\u00f3w z bud\u017cetu Wojew\u00f3dztwa Mazowieckiego.<\/p>\n","protected":false},"excerpt":{"rendered":"<p>Ruszy\u0142y zapisy na XXIII warsztaty etnograficzne \u201eGin\u0105ce Zawody\u201d, kt\u00f3re odb\u0119d\u0105 si\u0119 w dniach 4\u20136 czerwca 2024 r. w godz. 9.00\u201315.00 w Zagrodzie Kurpiowskiej w Kadzidle przy ul. Trasa Mazurska 1B. W tym roku tematem przewodnim warsztat\u00f3w b\u0119d\u0105 przydro\u017cne kapliczki i \u015bwi\u0105tki kurpiowskie pami\u0105tki. Przez trzy dni b\u0119dzie mo\u017cna obserwowa\u0107 prac\u0119 kurpiowskich tw\u00f3rc\u00f3w w dziedzinach takich [&hellip;]<\/p>\n","protected":false},"author":3,"featured_media":16364,"comment_status":"closed","ping_status":"closed","sticky":false,"template":"","format":"standard","meta":{"_acf_changed":false,"_lmt_disableupdate":"","_lmt_disable":"","_monsterinsights_skip_tracking":false,"_monsterinsights_sitenote_active":false,"_monsterinsights_sitenote_note":"","_monsterinsights_sitenote_category":0,"ngg_post_thumbnail":0,"footnotes":""},"categories":[3],"tags":[],"class_list":["post-16368","post","type-post","status-publish","format-standard","has-post-thumbnail","hentry","category-aktualnosci"],"acf":[],"modified_by":"Daniel Go\u0142a\u015b","_links":{"self":[{"href":"https:\/\/muzeum.ostroleka.pl\/index.php?rest_route=\/wp\/v2\/posts\/16368","targetHints":{"allow":["GET"]}}],"collection":[{"href":"https:\/\/muzeum.ostroleka.pl\/index.php?rest_route=\/wp\/v2\/posts"}],"about":[{"href":"https:\/\/muzeum.ostroleka.pl\/index.php?rest_route=\/wp\/v2\/types\/post"}],"author":[{"embeddable":true,"href":"https:\/\/muzeum.ostroleka.pl\/index.php?rest_route=\/wp\/v2\/users\/3"}],"replies":[{"embeddable":true,"href":"https:\/\/muzeum.ostroleka.pl\/index.php?rest_route=%2Fwp%2Fv2%2Fcomments&post=16368"}],"version-history":[{"count":1,"href":"https:\/\/muzeum.ostroleka.pl\/index.php?rest_route=\/wp\/v2\/posts\/16368\/revisions"}],"predecessor-version":[{"id":16369,"href":"https:\/\/muzeum.ostroleka.pl\/index.php?rest_route=\/wp\/v2\/posts\/16368\/revisions\/16369"}],"wp:featuredmedia":[{"embeddable":true,"href":"https:\/\/muzeum.ostroleka.pl\/index.php?rest_route=\/wp\/v2\/media\/16364"}],"wp:attachment":[{"href":"https:\/\/muzeum.ostroleka.pl\/index.php?rest_route=%2Fwp%2Fv2%2Fmedia&parent=16368"}],"wp:term":[{"taxonomy":"category","embeddable":true,"href":"https:\/\/muzeum.ostroleka.pl\/index.php?rest_route=%2Fwp%2Fv2%2Fcategories&post=16368"},{"taxonomy":"post_tag","embeddable":true,"href":"https:\/\/muzeum.ostroleka.pl\/index.php?rest_route=%2Fwp%2Fv2%2Ftags&post=16368"}],"curies":[{"name":"wp","href":"https:\/\/api.w.org\/{rel}","templated":true}]}}