{"id":16370,"date":"2024-06-03T09:52:52","date_gmt":"2024-06-03T08:52:52","guid":{"rendered":"https:\/\/muzeum.ostroleka.pl\/?p=16370"},"modified":"2024-06-03T09:53:30","modified_gmt":"2024-06-03T08:53:30","slug":"wernisaz-wystawy-rysunek-romualda-zerycha-kontur-oblicza","status":"publish","type":"post","link":"https:\/\/muzeum.ostroleka.pl\/?p=16370","title":{"rendered":"Wernisa\u017c wystawy Rysunek Romualda Zerycha. Kontur oblicza"},"content":{"rendered":"<p><img loading=\"lazy\" decoding=\"async\" class=\"aligncenter wp-image-16372 size-large\" src=\"http:\/\/muzeum.ostroleka.pl\/wp-content\/uploads\/2024\/06\/Rysunek_Romualda-Zerycha.Kontur-oblicza_2-1024x512.jpg\" alt=\"Dyrektor Muzeum Kultury Kurpiowskiej w Ostro\u0142\u0119ce ma zaszczyt zaprosi\u0107 na wernisa\u017c wystawy \u201eRysunek Romualda Zerycha. Kontur oblicza\u201d. 8 czerwca 2024 roku o godzinie 16.00 Pomnik Mauzoleum, ul. Warszawska 2a w Ostro\u0142\u0119ce\" width=\"1024\" height=\"512\" srcset=\"https:\/\/muzeum.ostroleka.pl\/wp-content\/uploads\/2024\/06\/Rysunek_Romualda-Zerycha.Kontur-oblicza_2-1024x512.jpg 1024w, https:\/\/muzeum.ostroleka.pl\/wp-content\/uploads\/2024\/06\/Rysunek_Romualda-Zerycha.Kontur-oblicza_2-300x150.jpg 300w, https:\/\/muzeum.ostroleka.pl\/wp-content\/uploads\/2024\/06\/Rysunek_Romualda-Zerycha.Kontur-oblicza_2-768x384.jpg 768w, https:\/\/muzeum.ostroleka.pl\/wp-content\/uploads\/2024\/06\/Rysunek_Romualda-Zerycha.Kontur-oblicza_2-1536x768.jpg 1536w, https:\/\/muzeum.ostroleka.pl\/wp-content\/uploads\/2024\/06\/Rysunek_Romualda-Zerycha.Kontur-oblicza_2-2048x1024.jpg 2048w, https:\/\/muzeum.ostroleka.pl\/wp-content\/uploads\/2024\/06\/Rysunek_Romualda-Zerycha.Kontur-oblicza_2-500x250.jpg 500w\" sizes=\"auto, (max-width: 1024px) 100vw, 1024px\" \/><\/p>\n<p>&nbsp;<\/p>\n<p>Zapraszamy serdecznie na wernisa\u017c wystawy \u201eRysunek Romualda Zerycha. Kontur oblicza\u201d, kt\u00f3ry odb\u0119dzie si\u0119 8 czerwca (w sobot\u0119), o godzinie 16.00, w Pomniku Mauzoleum przy ul. Warszawskiej 2a w Ostro\u0142\u0119ce.<\/p>\n<p>&nbsp;<\/p>\n<p>Romuald Zerych (1888-1964) wsp\u00f3\u0142projektowa\u0142 Pomnik Mauzoleum \u017co\u0142nierzy poleg\u0142ych w bitwie pod Ostro\u0142\u0119k\u0105 26 maja 1831 roku. Jest autorem wielu realizacji rze\u017abiarskich i pomnikowych. Jego tw\u00f3rczo\u015b\u0107 w tym zakresie mieli\u015bmy sposobno\u015b\u0107 pozna\u0107 w 2019 roku podczas wystawy \u201eW \u015bwiecie rze\u017ab Romualda Zerycha\u201d. Tym razem zaprezentujemy prace rysunkowe pochodz\u0105ce z depozytu licz\u0105cego ponad 1200 rysunk\u00f3w, z\u0142o\u017conego w Muzeum Kultury Kurpiowskiej w 2018 roku przez spadkobierc\u00f3w artysty. Motywem wystawy jest twarz, kt\u00f3ra niew\u0105tpliwie fascynowa\u0142a artyst\u0119.<\/p>\n<p><img loading=\"lazy\" decoding=\"async\" class=\"wp-image-16373 size-large aligncenter\" src=\"http:\/\/muzeum.ostroleka.pl\/wp-content\/uploads\/2024\/06\/Rysunek_Romualda-Zerycha.Kontur-oblicza_3-1024x1024.jpg\" alt=\"Loga: Muzeum Kultury Kurpiowskiej w Ostro\u0142\u0119ce, 25 lat Samorz\u0105du Wojew\u00f3dztwa Mazowieckiego. Muzeum jest jednostk\u0105 organizacyjn\u0105 Samorz\u0105du Wojew\u00f3dztwa Mazowieckiego Logo Pomnika Mauzoleum. Muzeum jest jednostk\u0105 organizacyjn\u0105 Samorz\u0105du Wojew\u00f3dztwa Mazowieckiego Wystawa czynna: od 8 czerwca do 28 lipca 2024 roku\" width=\"1024\" height=\"1024\" srcset=\"https:\/\/muzeum.ostroleka.pl\/wp-content\/uploads\/2024\/06\/Rysunek_Romualda-Zerycha.Kontur-oblicza_3-1024x1024.jpg 1024w, https:\/\/muzeum.ostroleka.pl\/wp-content\/uploads\/2024\/06\/Rysunek_Romualda-Zerycha.Kontur-oblicza_3-300x300.jpg 300w, https:\/\/muzeum.ostroleka.pl\/wp-content\/uploads\/2024\/06\/Rysunek_Romualda-Zerycha.Kontur-oblicza_3-150x150.jpg 150w, https:\/\/muzeum.ostroleka.pl\/wp-content\/uploads\/2024\/06\/Rysunek_Romualda-Zerycha.Kontur-oblicza_3-768x768.jpg 768w, https:\/\/muzeum.ostroleka.pl\/wp-content\/uploads\/2024\/06\/Rysunek_Romualda-Zerycha.Kontur-oblicza_3-1536x1536.jpg 1536w, https:\/\/muzeum.ostroleka.pl\/wp-content\/uploads\/2024\/06\/Rysunek_Romualda-Zerycha.Kontur-oblicza_3-450x450.jpg 450w, https:\/\/muzeum.ostroleka.pl\/wp-content\/uploads\/2024\/06\/Rysunek_Romualda-Zerycha.Kontur-oblicza_3.jpg 1736w\" sizes=\"auto, (max-width: 1024px) 100vw, 1024px\" \/><\/p>\n<p>&nbsp;<\/p>\n","protected":false},"excerpt":{"rendered":"<p>&nbsp; Zapraszamy serdecznie na wernisa\u017c wystawy \u201eRysunek Romualda Zerycha. Kontur oblicza\u201d, kt\u00f3ry odb\u0119dzie si\u0119 8 czerwca (w sobot\u0119), o godzinie 16.00, w Pomniku Mauzoleum przy ul. Warszawskiej 2a w Ostro\u0142\u0119ce. &nbsp; Romuald Zerych (1888-1964) wsp\u00f3\u0142projektowa\u0142 Pomnik Mauzoleum \u017co\u0142nierzy poleg\u0142ych w bitwie pod Ostro\u0142\u0119k\u0105 26 maja 1831 roku. Jest autorem wielu realizacji rze\u017abiarskich i pomnikowych. Jego [&hellip;]<\/p>\n","protected":false},"author":3,"featured_media":16371,"comment_status":"closed","ping_status":"closed","sticky":false,"template":"","format":"standard","meta":{"_acf_changed":false,"_lmt_disableupdate":"","_lmt_disable":"","_monsterinsights_skip_tracking":false,"_monsterinsights_sitenote_active":false,"_monsterinsights_sitenote_note":"","_monsterinsights_sitenote_category":0,"ngg_post_thumbnail":0,"footnotes":""},"categories":[3],"tags":[],"class_list":["post-16370","post","type-post","status-publish","format-standard","has-post-thumbnail","hentry","category-aktualnosci"],"acf":[],"modified_by":"Daniel Go\u0142a\u015b","_links":{"self":[{"href":"https:\/\/muzeum.ostroleka.pl\/index.php?rest_route=\/wp\/v2\/posts\/16370","targetHints":{"allow":["GET"]}}],"collection":[{"href":"https:\/\/muzeum.ostroleka.pl\/index.php?rest_route=\/wp\/v2\/posts"}],"about":[{"href":"https:\/\/muzeum.ostroleka.pl\/index.php?rest_route=\/wp\/v2\/types\/post"}],"author":[{"embeddable":true,"href":"https:\/\/muzeum.ostroleka.pl\/index.php?rest_route=\/wp\/v2\/users\/3"}],"replies":[{"embeddable":true,"href":"https:\/\/muzeum.ostroleka.pl\/index.php?rest_route=%2Fwp%2Fv2%2Fcomments&post=16370"}],"version-history":[{"count":5,"href":"https:\/\/muzeum.ostroleka.pl\/index.php?rest_route=\/wp\/v2\/posts\/16370\/revisions"}],"predecessor-version":[{"id":16378,"href":"https:\/\/muzeum.ostroleka.pl\/index.php?rest_route=\/wp\/v2\/posts\/16370\/revisions\/16378"}],"wp:featuredmedia":[{"embeddable":true,"href":"https:\/\/muzeum.ostroleka.pl\/index.php?rest_route=\/wp\/v2\/media\/16371"}],"wp:attachment":[{"href":"https:\/\/muzeum.ostroleka.pl\/index.php?rest_route=%2Fwp%2Fv2%2Fmedia&parent=16370"}],"wp:term":[{"taxonomy":"category","embeddable":true,"href":"https:\/\/muzeum.ostroleka.pl\/index.php?rest_route=%2Fwp%2Fv2%2Fcategories&post=16370"},{"taxonomy":"post_tag","embeddable":true,"href":"https:\/\/muzeum.ostroleka.pl\/index.php?rest_route=%2Fwp%2Fv2%2Ftags&post=16370"}],"curies":[{"name":"wp","href":"https:\/\/api.w.org\/{rel}","templated":true}]}}