{"id":16549,"date":"2024-07-08T13:27:49","date_gmt":"2024-07-08T12:27:49","guid":{"rendered":"https:\/\/muzeum.ostroleka.pl\/?p=16549"},"modified":"2024-07-08T13:27:49","modified_gmt":"2024-07-08T12:27:49","slug":"etnodizajn-po-kurpiowsku-juz-od-najblizszej-niedzieli","status":"publish","type":"post","link":"https:\/\/muzeum.ostroleka.pl\/?p=16549","title":{"rendered":"\u201eEtnodizajn po kurpiowsku\u201d ju\u017c od najbli\u017cszej niedzieli"},"content":{"rendered":"<p style=\"text-align: justify;\">Rusza wakacyjny cykl spotka\u0144 tw\u00f3rczych &#8222;Etnodizajn po kurpiowsku&#8221;. Ka\u017cde spotkanie b\u0119dzie po\u015bwi\u0119cone innemu tematowi, tak aby\u015bmy mogli po kolei odkrywa\u0107 bogactwo etnograficzne regionu Kurpiowszczyzny. B\u0119dziemy doskonali\u0107 nasz\u0105 kreatywno\u015b\u0107 stosuj\u0105c tradycyjne wzory i techniki r\u0119kodzielnicze, sp\u0119dzaj\u0105c przy tym niedzielny czas w mi\u0142ej rodzinnej atmosferze.<\/p>\n<p style=\"text-align: justify;\">Zapisy jak zawsze przyjmujemy pod numerem tel. 29 764 54 43 wew. 43. Op\u0142ata za uczestnictwo to 15 z\u0142 od osoby.<\/p>\n<p>Lipiec:<br \/>\n\u2666&nbsp; 14 lipca 2024 Co\u015b z niczego \u2013 decoupage na s\u0142oiczkach,<br \/>\n\u2666&nbsp; 28 lipca 2024 Firanecka do okienecka i podk\u0142adecka do kubecka.<\/p>\n<p>Sierpie\u0144:<br \/>\n\u2666&nbsp; 11 sierpnia 2024 By\u015bki \u2013 zwierz\u0119ta z ciasta,<br \/>\n\u2666&nbsp; 25 sierpnia 2024 Wakacje w pude\u0142ku.<\/p>\n<p>Spotkania b\u0119d\u0105 si\u0119 odbywa\u0142y w godzinach 11.00-15.00 w Muzeum Kultury Kurpiowskiej przy Placu gen. J\u00f3zefa Bema 8 w Ostro\u0142\u0119ce.<\/p>\n<p>Zapraszamy!<\/p>\n","protected":false},"excerpt":{"rendered":"<p>Rusza wakacyjny cykl spotka\u0144 tw\u00f3rczych &#8222;Etnodizajn po kurpiowsku&#8221;. Ka\u017cde spotkanie b\u0119dzie po\u015bwi\u0119cone innemu tematowi, tak aby\u015bmy mogli po kolei odkrywa\u0107 bogactwo etnograficzne regionu Kurpiowszczyzny. B\u0119dziemy doskonali\u0107 nasz\u0105 kreatywno\u015b\u0107 stosuj\u0105c tradycyjne wzory i techniki r\u0119kodzielnicze, sp\u0119dzaj\u0105c przy tym niedzielny czas w mi\u0142ej rodzinnej atmosferze. Zapisy jak zawsze przyjmujemy pod numerem tel. 29 764 54 43 wew. [&hellip;]<\/p>\n","protected":false},"author":3,"featured_media":16550,"comment_status":"closed","ping_status":"closed","sticky":false,"template":"","format":"standard","meta":{"_acf_changed":false,"_lmt_disableupdate":"","_lmt_disable":"","_monsterinsights_skip_tracking":false,"_monsterinsights_sitenote_active":false,"_monsterinsights_sitenote_note":"","_monsterinsights_sitenote_category":0,"ngg_post_thumbnail":0,"footnotes":""},"categories":[3],"tags":[],"class_list":["post-16549","post","type-post","status-publish","format-standard","has-post-thumbnail","hentry","category-aktualnosci"],"acf":[],"modified_by":"Daniel Go\u0142a\u015b","_links":{"self":[{"href":"https:\/\/muzeum.ostroleka.pl\/index.php?rest_route=\/wp\/v2\/posts\/16549","targetHints":{"allow":["GET"]}}],"collection":[{"href":"https:\/\/muzeum.ostroleka.pl\/index.php?rest_route=\/wp\/v2\/posts"}],"about":[{"href":"https:\/\/muzeum.ostroleka.pl\/index.php?rest_route=\/wp\/v2\/types\/post"}],"author":[{"embeddable":true,"href":"https:\/\/muzeum.ostroleka.pl\/index.php?rest_route=\/wp\/v2\/users\/3"}],"replies":[{"embeddable":true,"href":"https:\/\/muzeum.ostroleka.pl\/index.php?rest_route=%2Fwp%2Fv2%2Fcomments&post=16549"}],"version-history":[{"count":2,"href":"https:\/\/muzeum.ostroleka.pl\/index.php?rest_route=\/wp\/v2\/posts\/16549\/revisions"}],"predecessor-version":[{"id":16552,"href":"https:\/\/muzeum.ostroleka.pl\/index.php?rest_route=\/wp\/v2\/posts\/16549\/revisions\/16552"}],"wp:featuredmedia":[{"embeddable":true,"href":"https:\/\/muzeum.ostroleka.pl\/index.php?rest_route=\/wp\/v2\/media\/16550"}],"wp:attachment":[{"href":"https:\/\/muzeum.ostroleka.pl\/index.php?rest_route=%2Fwp%2Fv2%2Fmedia&parent=16549"}],"wp:term":[{"taxonomy":"category","embeddable":true,"href":"https:\/\/muzeum.ostroleka.pl\/index.php?rest_route=%2Fwp%2Fv2%2Fcategories&post=16549"},{"taxonomy":"post_tag","embeddable":true,"href":"https:\/\/muzeum.ostroleka.pl\/index.php?rest_route=%2Fwp%2Fv2%2Ftags&post=16549"}],"curies":[{"name":"wp","href":"https:\/\/api.w.org\/{rel}","templated":true}]}}