{"id":16633,"date":"2024-07-17T12:04:02","date_gmt":"2024-07-17T11:04:02","guid":{"rendered":"https:\/\/muzeum.ostroleka.pl\/?p=16633"},"modified":"2024-07-17T12:04:27","modified_gmt":"2024-07-17T11:04:27","slug":"zapraszamy-na-koncert-choru-o-la-la-2","status":"publish","type":"post","link":"https:\/\/muzeum.ostroleka.pl\/?p=16633","title":{"rendered":"Zapraszamy na koncert ch\u00f3ru \u201eO! La La!\u201d"},"content":{"rendered":"<p style=\"text-align: justify;\">Muzealny ch\u00f3r O! La La! po raz kolejny wyst\u0105pi dla Pa\u0144stwa w rzeku\u0144skiej t\u0119\u017cni solankowej! W najbli\u017csz\u0105 niedziel\u0119 ch\u00f3rzy\u015bci wraz z warszawskimi muzykami pod kierownictwem Roberta Lipki wykonaj\u0105 znane dawne szlagiery i nie tylko.<\/p>\n<p>Wraz z ch\u00f3rem wyst\u0105pi\u0105 muzycy:<\/p>\n<p>\u2013 Robert Lipka &#8211; akordeon,<br \/>\n\u2013 Damian Marat &#8211; tr\u0105bka,<br \/>\n\u2013 Piotr Janiec &#8211; tuba,<br \/>\n\u2013 Robert Siwak &#8211; perkusja.<\/p>\n<p style=\"text-align: justify;\">Serdecznie zapraszamy 21 lipca 2024 r. (niedziela) o godzinie 19.00. do t\u0119\u017cni solankowej w Rzekuniu.<\/p>\n<p style=\"text-align: justify;\">Wst\u0119p wolny!<\/p>\n","protected":false},"excerpt":{"rendered":"<p>Muzealny ch\u00f3r O! La La! po raz kolejny wyst\u0105pi dla Pa\u0144stwa w rzeku\u0144skiej t\u0119\u017cni solankowej! W najbli\u017csz\u0105 niedziel\u0119 ch\u00f3rzy\u015bci wraz z warszawskimi muzykami pod kierownictwem Roberta Lipki wykonaj\u0105 znane dawne szlagiery i nie tylko. Wraz z ch\u00f3rem wyst\u0105pi\u0105 muzycy: \u2013 Robert Lipka &#8211; akordeon, \u2013 Damian Marat &#8211; tr\u0105bka, \u2013 Piotr Janiec &#8211; tuba, \u2013 [&hellip;]<\/p>\n","protected":false},"author":3,"featured_media":16634,"comment_status":"closed","ping_status":"closed","sticky":false,"template":"","format":"standard","meta":{"_acf_changed":false,"_lmt_disableupdate":"","_lmt_disable":"","_monsterinsights_skip_tracking":false,"_monsterinsights_sitenote_active":false,"_monsterinsights_sitenote_note":"","_monsterinsights_sitenote_category":0,"ngg_post_thumbnail":0,"footnotes":""},"categories":[3],"tags":[],"class_list":["post-16633","post","type-post","status-publish","format-standard","has-post-thumbnail","hentry","category-aktualnosci"],"acf":[],"modified_by":"Daniel Go\u0142a\u015b","_links":{"self":[{"href":"https:\/\/muzeum.ostroleka.pl\/index.php?rest_route=\/wp\/v2\/posts\/16633","targetHints":{"allow":["GET"]}}],"collection":[{"href":"https:\/\/muzeum.ostroleka.pl\/index.php?rest_route=\/wp\/v2\/posts"}],"about":[{"href":"https:\/\/muzeum.ostroleka.pl\/index.php?rest_route=\/wp\/v2\/types\/post"}],"author":[{"embeddable":true,"href":"https:\/\/muzeum.ostroleka.pl\/index.php?rest_route=\/wp\/v2\/users\/3"}],"replies":[{"embeddable":true,"href":"https:\/\/muzeum.ostroleka.pl\/index.php?rest_route=%2Fwp%2Fv2%2Fcomments&post=16633"}],"version-history":[{"count":3,"href":"https:\/\/muzeum.ostroleka.pl\/index.php?rest_route=\/wp\/v2\/posts\/16633\/revisions"}],"predecessor-version":[{"id":16637,"href":"https:\/\/muzeum.ostroleka.pl\/index.php?rest_route=\/wp\/v2\/posts\/16633\/revisions\/16637"}],"wp:featuredmedia":[{"embeddable":true,"href":"https:\/\/muzeum.ostroleka.pl\/index.php?rest_route=\/wp\/v2\/media\/16634"}],"wp:attachment":[{"href":"https:\/\/muzeum.ostroleka.pl\/index.php?rest_route=%2Fwp%2Fv2%2Fmedia&parent=16633"}],"wp:term":[{"taxonomy":"category","embeddable":true,"href":"https:\/\/muzeum.ostroleka.pl\/index.php?rest_route=%2Fwp%2Fv2%2Fcategories&post=16633"},{"taxonomy":"post_tag","embeddable":true,"href":"https:\/\/muzeum.ostroleka.pl\/index.php?rest_route=%2Fwp%2Fv2%2Ftags&post=16633"}],"curies":[{"name":"wp","href":"https:\/\/api.w.org\/{rel}","templated":true}]}}