{"id":1666,"date":"2019-11-04T09:40:33","date_gmt":"2019-11-04T09:40:33","guid":{"rendered":"http:\/\/muzeum.ostroleka.pl\/?p=1666"},"modified":"2019-11-06T10:45:39","modified_gmt":"2019-11-06T10:45:39","slug":"xiii-wspolne-spiewanie-patriotyczne-polske-nosze-w-sercu","status":"publish","type":"post","link":"https:\/\/muzeum.ostroleka.pl\/?p=1666","title":{"rendered":"XIII Wsp\u00f3lne \u015apiewanie Patriotyczne &#8222;Polsk\u0119 nosz\u0119 w sercu&#8221;"},"content":{"rendered":"<p style=\"text-align: justify;\">Muzeum Kultury Kurpiowskiej w Ostro\u0142\u0119ce zaprasza na koncert XIII Wsp\u00f3lne \u015apiewanie Patriotyczne \u201ePolsk\u0119 nosz\u0119 w sercu\u201d.<\/p>\n<p style=\"text-align: justify;\">Koncert odb\u0119dzie si\u0119 11 listopada 2019 r. (poniedzia\u0142ek) o godz. 16.00 w Ostro\u0142\u0119ckim Centrum Kultury. Na scenie wyst\u0105pi\u0105 ostro\u0142\u0119ccy arty\u015bci, harcerze, u\u0142ani, ch\u00f3r muzealny \u201eO! LaLa!\u201d, wokali\u015bci Studia Piosenki z OCK, kt\u00f3rzy za\u015bpiewaj\u0105 najpi\u0119kniejsze i najwa\u017cniejsze pie\u015bni polskie, b\u0119d\u0105ce \u015bwiadectwem naszej historii. Wykonawc\u0105 na koncercie b\u0119dzie r\u00f3wnie\u017c publiczno\u015b\u0107, na kt\u00f3r\u0105 liczymy i dla kt\u00f3rej przygotowane b\u0119d\u0105 \u015bpiewniki. Koncert adresowany jest do rodzin, m\u0142odzie\u017cy i senior\u00f3w.<\/p>\n<p style=\"text-align: justify;\">Wsp\u00f3\u0142organizatorami koncertu s\u0105: Ostro\u0142\u0119ckie Centrum Kultury, Urz\u0105d Miasta Ostro\u0142\u0119ki, Starostwo Ostro\u0142\u0119ckie.<\/p>\n<p style=\"text-align: justify;\">Wst\u0119p wolny.<\/p>\n<p style=\"text-align: justify;\">&nbsp;<\/p>\n<p style=\"text-align: justify;\">&nbsp;<\/p>\n<p style=\"text-align: justify;\">&nbsp;<\/p>\n<p>&nbsp;<\/p>\n<p>&nbsp;<\/p>\n","protected":false},"excerpt":{"rendered":"<p>Muzeum Kultury Kurpiowskiej w Ostro\u0142\u0119ce zaprasza na koncert XIII Wsp\u00f3lne \u015apiewanie Patriotyczne \u201ePolsk\u0119 nosz\u0119 w sercu\u201d. Koncert odb\u0119dzie si\u0119 11 listopada 2019 r. (poniedzia\u0142ek) o godz. 16.00 w Ostro\u0142\u0119ckim Centrum Kultury. Na scenie wyst\u0105pi\u0105 ostro\u0142\u0119ccy arty\u015bci, harcerze, u\u0142ani, ch\u00f3r muzealny \u201eO! LaLa!\u201d, wokali\u015bci Studia Piosenki z OCK, kt\u00f3rzy za\u015bpiewaj\u0105 najpi\u0119kniejsze i najwa\u017cniejsze pie\u015bni polskie, b\u0119d\u0105ce [&hellip;]<\/p>\n","protected":false},"author":3,"featured_media":0,"comment_status":"open","ping_status":"open","sticky":false,"template":"","format":"standard","meta":{"_acf_changed":false,"_lmt_disableupdate":"","_lmt_disable":"","_monsterinsights_skip_tracking":false,"_monsterinsights_sitenote_active":false,"_monsterinsights_sitenote_note":"","_monsterinsights_sitenote_category":0,"ngg_post_thumbnail":0,"footnotes":""},"categories":[3],"tags":[],"class_list":["post-1666","post","type-post","status-publish","format-standard","hentry","category-aktualnosci"],"acf":[],"modified_by":"Daniel Go\u0142a\u015b","_links":{"self":[{"href":"https:\/\/muzeum.ostroleka.pl\/index.php?rest_route=\/wp\/v2\/posts\/1666","targetHints":{"allow":["GET"]}}],"collection":[{"href":"https:\/\/muzeum.ostroleka.pl\/index.php?rest_route=\/wp\/v2\/posts"}],"about":[{"href":"https:\/\/muzeum.ostroleka.pl\/index.php?rest_route=\/wp\/v2\/types\/post"}],"author":[{"embeddable":true,"href":"https:\/\/muzeum.ostroleka.pl\/index.php?rest_route=\/wp\/v2\/users\/3"}],"replies":[{"embeddable":true,"href":"https:\/\/muzeum.ostroleka.pl\/index.php?rest_route=%2Fwp%2Fv2%2Fcomments&post=1666"}],"version-history":[{"count":11,"href":"https:\/\/muzeum.ostroleka.pl\/index.php?rest_route=\/wp\/v2\/posts\/1666\/revisions"}],"predecessor-version":[{"id":1700,"href":"https:\/\/muzeum.ostroleka.pl\/index.php?rest_route=\/wp\/v2\/posts\/1666\/revisions\/1700"}],"wp:attachment":[{"href":"https:\/\/muzeum.ostroleka.pl\/index.php?rest_route=%2Fwp%2Fv2%2Fmedia&parent=1666"}],"wp:term":[{"taxonomy":"category","embeddable":true,"href":"https:\/\/muzeum.ostroleka.pl\/index.php?rest_route=%2Fwp%2Fv2%2Fcategories&post=1666"},{"taxonomy":"post_tag","embeddable":true,"href":"https:\/\/muzeum.ostroleka.pl\/index.php?rest_route=%2Fwp%2Fv2%2Ftags&post=1666"}],"curies":[{"name":"wp","href":"https:\/\/api.w.org\/{rel}","templated":true}]}}