{"id":16686,"date":"2024-07-23T10:48:52","date_gmt":"2024-07-23T09:48:52","guid":{"rendered":"https:\/\/muzeum.ostroleka.pl\/?p=16686"},"modified":"2024-07-29T08:30:26","modified_gmt":"2024-07-29T07:30:26","slug":"oprowadzania-kuratorskie-po-wystawie-nieobecni","status":"publish","type":"post","link":"https:\/\/muzeum.ostroleka.pl\/?p=16686","title":{"rendered":"Oprowadzania kuratorskie po wystawie \u201eNieobecni\u201d"},"content":{"rendered":"<p style=\"text-align: justify;\">Zapraszamy wszystkich zainteresowanych losami ostro\u0142\u0119ckiej spo\u0142eczno\u015bci \u017cydowskiej, jak r\u00f3wnie\u017c tych, kt\u00f3rym bliska sercu jest Ostro\u0142\u0119ka i jej historia, na oprowadzania kuratorskie po wystawie \u201eNieobecni\u201d.<br \/>\nWystawa przybli\u017ca religi\u0119 i kultur\u0119 ludno\u015bci wyznania moj\u017ceszowego, a tak\u017ce przywraca pami\u0119\u0107 o dawnych ostro\u0142\u0119czanach. Na ekspozycji prezentowane s\u0105 m.in. fotografie, pami\u0105tki, archiwalia oraz przedmioty kultowe.<\/p>\n<p>&nbsp;<\/p>\n<p>Przed nami trzy oprowadzania:<\/p>\n<p>\u2022&nbsp; 4 sierpnia 2024 r. (niedziela) o godz. 12.00,<br \/>\n\u2022&nbsp; 25 sierpnia 2024 r. (niedziela) o godz. 12.00,<br \/>\n\u2022&nbsp; 22 wrze\u015bnia 2024 r. (niedziela) o godz. 12.00.<\/p>\n<p>Wst\u0119p wolny.<\/p>\n<p>Spotkania odb\u0119d\u0105 si\u0119 w budynku Muzeum Kultury Kurpiowskiej w Ostro\u0142\u0119ce przy Placu gen. J\u00f3zefa Bema 8.<\/p>\n","protected":false},"excerpt":{"rendered":"<p>Zapraszamy wszystkich zainteresowanych losami ostro\u0142\u0119ckiej spo\u0142eczno\u015bci \u017cydowskiej, jak r\u00f3wnie\u017c tych, kt\u00f3rym bliska sercu jest Ostro\u0142\u0119ka i jej historia, na oprowadzania kuratorskie po wystawie \u201eNieobecni\u201d. Wystawa przybli\u017ca religi\u0119 i kultur\u0119 ludno\u015bci wyznania moj\u017ceszowego, a tak\u017ce przywraca pami\u0119\u0107 o dawnych ostro\u0142\u0119czanach. Na ekspozycji prezentowane s\u0105 m.in. fotografie, pami\u0105tki, archiwalia oraz przedmioty kultowe. &nbsp; Przed nami trzy oprowadzania: [&hellip;]<\/p>\n","protected":false},"author":3,"featured_media":16557,"comment_status":"closed","ping_status":"closed","sticky":false,"template":"","format":"standard","meta":{"_acf_changed":false,"_lmt_disableupdate":"","_lmt_disable":"","_monsterinsights_skip_tracking":false,"_monsterinsights_sitenote_active":false,"_monsterinsights_sitenote_note":"","_monsterinsights_sitenote_category":0,"ngg_post_thumbnail":0,"footnotes":""},"categories":[3],"tags":[],"class_list":["post-16686","post","type-post","status-publish","format-standard","has-post-thumbnail","hentry","category-aktualnosci"],"acf":[],"modified_by":"Daniel Go\u0142a\u015b","_links":{"self":[{"href":"https:\/\/muzeum.ostroleka.pl\/index.php?rest_route=\/wp\/v2\/posts\/16686","targetHints":{"allow":["GET"]}}],"collection":[{"href":"https:\/\/muzeum.ostroleka.pl\/index.php?rest_route=\/wp\/v2\/posts"}],"about":[{"href":"https:\/\/muzeum.ostroleka.pl\/index.php?rest_route=\/wp\/v2\/types\/post"}],"author":[{"embeddable":true,"href":"https:\/\/muzeum.ostroleka.pl\/index.php?rest_route=\/wp\/v2\/users\/3"}],"replies":[{"embeddable":true,"href":"https:\/\/muzeum.ostroleka.pl\/index.php?rest_route=%2Fwp%2Fv2%2Fcomments&post=16686"}],"version-history":[{"count":4,"href":"https:\/\/muzeum.ostroleka.pl\/index.php?rest_route=\/wp\/v2\/posts\/16686\/revisions"}],"predecessor-version":[{"id":16690,"href":"https:\/\/muzeum.ostroleka.pl\/index.php?rest_route=\/wp\/v2\/posts\/16686\/revisions\/16690"}],"wp:featuredmedia":[{"embeddable":true,"href":"https:\/\/muzeum.ostroleka.pl\/index.php?rest_route=\/wp\/v2\/media\/16557"}],"wp:attachment":[{"href":"https:\/\/muzeum.ostroleka.pl\/index.php?rest_route=%2Fwp%2Fv2%2Fmedia&parent=16686"}],"wp:term":[{"taxonomy":"category","embeddable":true,"href":"https:\/\/muzeum.ostroleka.pl\/index.php?rest_route=%2Fwp%2Fv2%2Fcategories&post=16686"},{"taxonomy":"post_tag","embeddable":true,"href":"https:\/\/muzeum.ostroleka.pl\/index.php?rest_route=%2Fwp%2Fv2%2Ftags&post=16686"}],"curies":[{"name":"wp","href":"https:\/\/api.w.org\/{rel}","templated":true}]}}