{"id":16718,"date":"2024-08-27T10:35:30","date_gmt":"2024-08-27T09:35:30","guid":{"rendered":"https:\/\/muzeum.ostroleka.pl\/?p=16718"},"modified":"2024-08-27T11:04:26","modified_gmt":"2024-08-27T10:04:26","slug":"rodzinny-piknik-edukacyjny-z-mala-walizka-w-wielki-swiat-szlakiem-misia-wojtka","status":"publish","type":"post","link":"https:\/\/muzeum.ostroleka.pl\/?p=16718","title":{"rendered":"Rodzinny piknik edukacyjny \u201eZ ma\u0142\u0105 walizk\u0105 w wielki \u015bwiat. Szlakiem misia Wojtka\u201d"},"content":{"rendered":"<p style=\"text-align: justify;\">Zapraszamy do udzia\u0142u w kolejnym rodzinnym pikniku edukacyjnym \u201eZ ma\u0142\u0105 walizk\u0105 w daleki \u015bwiat. Szlakiem misia Wojtka\u201d. B\u0119dzie to podr\u00f3\u017c, dzi\u0119ki kt\u00f3rej przybli\u017cymy wiadomo\u015bci dotycz\u0105ce bitwy pod Monte Casino. Piknik odb\u0119dzie si\u0119 w sobot\u0119 14 wrze\u015bnia 2024 roku w godz. 12.00-15.00 na Fortach Bema przy ul. Warszawskiej 2A w Ostro\u0142\u0119ce.<\/p>\n<p style=\"text-align: justify;\">Tym razem wyruszymy w towarzystwie nied\u017awiedzia Wojtka, szlakiem \u017co\u0142nierzy Polskich Si\u0142 Zbrojnych. Droga to b\u0119dzie d\u0142uga i pe\u0142na niespodzianek, odwiedzimy dalekie kraje, kt\u00f3re przemierzali \u017co\u0142nierze polscy w drodze do Ojczyzny w czasie II wojny \u015bwiatowej. Wojtek towarzyszy\u0142 armii gen. Andersa przez ca\u0142y szlak bojowy, kt\u00f3ry wi\u00f3d\u0142 przez Iran, Irak, Syri\u0119, Palestyn\u0119, Egipt, W\u0142ochy, by zako\u0144czy\u0107 si\u0119 w Szkocji. By\u0142 ich wiernym kompanem, towarzyszem broni, ale te\u017c wieeelk\u0105 maskotk\u0105, kt\u00f3rej figle i psoty przynosi\u0142y chwile zapomnienia i rado\u015bci w trudnych czasach wojennego znoju. Piknik na Fortach Bema b\u0119dzie \u015bwietn\u0105 okazj\u0105 do wsp\u00f3lnej zabawy na \u015bwie\u017cym powietrzu, po\u0142\u0105czonej ze zdobywaniem wiedzy historycznej poprzez rozwi\u0105zywanie r\u00f3\u017cnorodnych zada\u0144 i zagadek.<\/p>\n<p style=\"text-align: justify;\">Obowi\u0105zuj\u0105 zapisy pod numerem tel. 29 764 54 43 wew. 43 lub poprzez e-mail: edukacja@muzeum.ostroleka.pl.<\/p>\n<p style=\"text-align: justify;\">Udzia\u0142 w pikniku jest bezp\u0142atny.<\/p>\n","protected":false},"excerpt":{"rendered":"<p>Zapraszamy do udzia\u0142u w kolejnym rodzinnym pikniku edukacyjnym \u201eZ ma\u0142\u0105 walizk\u0105 w daleki \u015bwiat. Szlakiem misia Wojtka\u201d. B\u0119dzie to podr\u00f3\u017c, dzi\u0119ki kt\u00f3rej przybli\u017cymy wiadomo\u015bci dotycz\u0105ce bitwy pod Monte Casino. Piknik odb\u0119dzie si\u0119 w sobot\u0119 14 wrze\u015bnia 2024 roku w godz. 12.00-15.00 na Fortach Bema przy ul. Warszawskiej 2A w Ostro\u0142\u0119ce. Tym razem wyruszymy w towarzystwie [&hellip;]<\/p>\n","protected":false},"author":3,"featured_media":16717,"comment_status":"closed","ping_status":"closed","sticky":false,"template":"","format":"standard","meta":{"_acf_changed":false,"_lmt_disableupdate":"","_lmt_disable":"","_monsterinsights_skip_tracking":false,"_monsterinsights_sitenote_active":false,"_monsterinsights_sitenote_note":"","_monsterinsights_sitenote_category":0,"ngg_post_thumbnail":0,"footnotes":""},"categories":[3],"tags":[],"class_list":["post-16718","post","type-post","status-publish","format-standard","has-post-thumbnail","hentry","category-aktualnosci"],"acf":[],"modified_by":"Daniel Go\u0142a\u015b","_links":{"self":[{"href":"https:\/\/muzeum.ostroleka.pl\/index.php?rest_route=\/wp\/v2\/posts\/16718","targetHints":{"allow":["GET"]}}],"collection":[{"href":"https:\/\/muzeum.ostroleka.pl\/index.php?rest_route=\/wp\/v2\/posts"}],"about":[{"href":"https:\/\/muzeum.ostroleka.pl\/index.php?rest_route=\/wp\/v2\/types\/post"}],"author":[{"embeddable":true,"href":"https:\/\/muzeum.ostroleka.pl\/index.php?rest_route=\/wp\/v2\/users\/3"}],"replies":[{"embeddable":true,"href":"https:\/\/muzeum.ostroleka.pl\/index.php?rest_route=%2Fwp%2Fv2%2Fcomments&post=16718"}],"version-history":[{"count":5,"href":"https:\/\/muzeum.ostroleka.pl\/index.php?rest_route=\/wp\/v2\/posts\/16718\/revisions"}],"predecessor-version":[{"id":16723,"href":"https:\/\/muzeum.ostroleka.pl\/index.php?rest_route=\/wp\/v2\/posts\/16718\/revisions\/16723"}],"wp:featuredmedia":[{"embeddable":true,"href":"https:\/\/muzeum.ostroleka.pl\/index.php?rest_route=\/wp\/v2\/media\/16717"}],"wp:attachment":[{"href":"https:\/\/muzeum.ostroleka.pl\/index.php?rest_route=%2Fwp%2Fv2%2Fmedia&parent=16718"}],"wp:term":[{"taxonomy":"category","embeddable":true,"href":"https:\/\/muzeum.ostroleka.pl\/index.php?rest_route=%2Fwp%2Fv2%2Fcategories&post=16718"},{"taxonomy":"post_tag","embeddable":true,"href":"https:\/\/muzeum.ostroleka.pl\/index.php?rest_route=%2Fwp%2Fv2%2Ftags&post=16718"}],"curies":[{"name":"wp","href":"https:\/\/api.w.org\/{rel}","templated":true}]}}