{"id":16739,"date":"2024-08-29T10:28:14","date_gmt":"2024-08-29T09:28:14","guid":{"rendered":"https:\/\/muzeum.ostroleka.pl\/?p=16739"},"modified":"2024-08-29T10:28:14","modified_gmt":"2024-08-29T09:28:14","slug":"oprowadzanie-kuratorskie-po-wystawie-chasydzi","status":"publish","type":"post","link":"https:\/\/muzeum.ostroleka.pl\/?p=16739","title":{"rendered":"Oprowadzanie kuratorskie po wystawie \u201eChasydzi\u201d"},"content":{"rendered":"<p style=\"text-align: justify;\">Serdecznie zapraszamy na oprowadzanie kuratorskie po wystawie \u201eChasydzi\u201d, kt\u00f3re odb\u0119dzie si\u0119 8 wrze\u015bnia 2024 r. (niedziela) o godzinie 12.00 w Muzeum Kultury Kurpiowskiej przy Placu gen. J\u00f3zefa Bema 8 w Ostro\u0142\u0119ce.<\/p>\n<p style=\"text-align: justify;\">Na wystawie prezentowane s\u0105 fotografie autorstwa Joanny Sidorowicz, przedstawiaj\u0105ce kultur\u0119 chasydzk\u0105. Joanna Sidorowicz, wroc\u0142awianka mieszkaj\u0105ca obecnie w Cz\u0119stochowie, fotografi\u0105 zajmuje si\u0119 od 19 lat. Interesuje j\u0105 fotografia starej i nowej architektury, a zw\u0142aszcza miejsca opuszczone i urbexy. Cz\u0119sto s\u0105 to miejsca, w kt\u00f3rych znajdowa\u0142y si\u0119 getta. Nie jest jej obcy r\u00f3wnie\u017c temat cmentarzy. Poci\u0105ga j\u0105 wielokulturowo\u015b\u0107. Tematyk\u0105 chasydzk\u0105 autorka interesuje si\u0119 od 16 lat.<\/p>\n<p style=\"text-align: justify;\">\u017bydowski ruch religijny, zwany chasydyzmem, pojawi\u0142 si\u0119 w po\u0142owie XVIII wieku na terenach Podola i Ukrainy. Chasydyzm oparty jest na mistycyzmie i radosnym wielbieniu Boga, nauce Tory, studiowaniu Talmudu i przestrzeganiu prawa religijnego. Chasydzi (z hebr. pobo\u017cni) skupiali si\u0119 wok\u00f3\u0142 charyzmatycznych przyw\u00f3dc\u00f3w-nauczycieli zwanych cadykami (z hebr. sprawiedliwi). Przed drug\u0105 wojn\u0105 \u015bwiatow\u0105 w Europie, a zw\u0142aszcza w Polsce, istnia\u0142y liczne dynastie chasydzkie za\u0142o\u017cone przez znanych i powszechnie szanowanych my\u015blicieli, takich jak Elimelech ben Eleazar Lipmann z Le\u017cajska, Jerachmiel Izrael Icchak Dancinger z Aleksandrowa, Icchak Meir Alter z G\u00f3ry Kalwarii czy Dawid Biderman z Lelowa.<\/p>\n<p style=\"text-align: justify;\">8 wrze\u015bnia przez chasydzki \u015bwiat przeprowadzi Pa\u0144stwa kurator wystawy Joanna Zy\u015bk.<\/p>\n","protected":false},"excerpt":{"rendered":"<p>Serdecznie zapraszamy na oprowadzanie kuratorskie po wystawie \u201eChasydzi\u201d, kt\u00f3re odb\u0119dzie si\u0119 8 wrze\u015bnia 2024 r. (niedziela) o godzinie 12.00 w Muzeum Kultury Kurpiowskiej przy Placu gen. J\u00f3zefa Bema 8 w Ostro\u0142\u0119ce. Na wystawie prezentowane s\u0105 fotografie autorstwa Joanny Sidorowicz, przedstawiaj\u0105ce kultur\u0119 chasydzk\u0105. Joanna Sidorowicz, wroc\u0142awianka mieszkaj\u0105ca obecnie w Cz\u0119stochowie, fotografi\u0105 zajmuje si\u0119 od 19 lat. [&hellip;]<\/p>\n","protected":false},"author":3,"featured_media":16710,"comment_status":"closed","ping_status":"closed","sticky":false,"template":"","format":"standard","meta":{"_acf_changed":false,"_lmt_disableupdate":"","_lmt_disable":"","_monsterinsights_skip_tracking":false,"_monsterinsights_sitenote_active":false,"_monsterinsights_sitenote_note":"","_monsterinsights_sitenote_category":0,"ngg_post_thumbnail":0,"footnotes":""},"categories":[3],"tags":[],"class_list":["post-16739","post","type-post","status-publish","format-standard","has-post-thumbnail","hentry","category-aktualnosci"],"acf":[],"modified_by":"Daniel Go\u0142a\u015b","_links":{"self":[{"href":"https:\/\/muzeum.ostroleka.pl\/index.php?rest_route=\/wp\/v2\/posts\/16739","targetHints":{"allow":["GET"]}}],"collection":[{"href":"https:\/\/muzeum.ostroleka.pl\/index.php?rest_route=\/wp\/v2\/posts"}],"about":[{"href":"https:\/\/muzeum.ostroleka.pl\/index.php?rest_route=\/wp\/v2\/types\/post"}],"author":[{"embeddable":true,"href":"https:\/\/muzeum.ostroleka.pl\/index.php?rest_route=\/wp\/v2\/users\/3"}],"replies":[{"embeddable":true,"href":"https:\/\/muzeum.ostroleka.pl\/index.php?rest_route=%2Fwp%2Fv2%2Fcomments&post=16739"}],"version-history":[{"count":2,"href":"https:\/\/muzeum.ostroleka.pl\/index.php?rest_route=\/wp\/v2\/posts\/16739\/revisions"}],"predecessor-version":[{"id":16741,"href":"https:\/\/muzeum.ostroleka.pl\/index.php?rest_route=\/wp\/v2\/posts\/16739\/revisions\/16741"}],"wp:featuredmedia":[{"embeddable":true,"href":"https:\/\/muzeum.ostroleka.pl\/index.php?rest_route=\/wp\/v2\/media\/16710"}],"wp:attachment":[{"href":"https:\/\/muzeum.ostroleka.pl\/index.php?rest_route=%2Fwp%2Fv2%2Fmedia&parent=16739"}],"wp:term":[{"taxonomy":"category","embeddable":true,"href":"https:\/\/muzeum.ostroleka.pl\/index.php?rest_route=%2Fwp%2Fv2%2Fcategories&post=16739"},{"taxonomy":"post_tag","embeddable":true,"href":"https:\/\/muzeum.ostroleka.pl\/index.php?rest_route=%2Fwp%2Fv2%2Ftags&post=16739"}],"curies":[{"name":"wp","href":"https:\/\/api.w.org\/{rel}","templated":true}]}}