{"id":16742,"date":"2024-08-29T12:15:22","date_gmt":"2024-08-29T11:15:22","guid":{"rendered":"https:\/\/muzeum.ostroleka.pl\/?p=16742"},"modified":"2024-08-29T12:19:10","modified_gmt":"2024-08-29T11:19:10","slug":"zglos-wolontariusza-w-konkursie-mazowieckie-barwy-wolontariatu-2","status":"publish","type":"post","link":"https:\/\/muzeum.ostroleka.pl\/?p=16742","title":{"rendered":"Zg\u0142o\u015b Wolontariusza w konkursie \u201eMazowieckie Barwy Wolontariatu\u201d"},"content":{"rendered":"<p style=\"text-align: justify;\">Wojew\u00f3dztwo Mazowieckie ju\u017c po raz czternasty og\u0142asza konkurs \u201eMazowieckie Barwy Wolontariatu\u201d, zwany dalej \u201eKonkursem\u201d. Jego celem jest nagrodzenie Wolontariuszy, lider\u00f3w spo\u0142ecznych za ich dzia\u0142alno\u015b\u0107 na rzecz wojew\u00f3dztwa mazowieckiego i jego mieszka\u0144c\u00f3w, popularyzacja dokona\u0144 wolontariuszy jako dobrych praktyk, w tym realizowanych indywidualnie lub w partnerstwie z mazowieckimi organizacjami pozarz\u0105dowymi oraz zach\u0119canie mieszka\u0144c\u00f3w Mazowsza do podejmowania aktywno\u015bci wolontariackiej.<\/p>\n<p>&nbsp;<\/p>\n<p><strong>Kogo i w jakich kategoriach mo\u017cna zg\u0142osi\u0107?<\/strong><\/p>\n<p>Laureaci Konkursu b\u0119d\u0105 wybierani w nast\u0119puj\u0105cych kategoriach:<\/p>\n<p>1) sta\u0142ych:<\/p>\n<p style=\"padding-left: 40px;\">a) <strong>wolontariat m\u0142odzie\u017cy<\/strong> \u2013 kogo mo\u017cna zg\u0142osi\u0107? Osoby indywidualne tj. dzieci i m\u0142odzie\u017c w wieku szkolnym oraz student\u00f3w (wolontariat indywidualny) lub formalne i nieformalne grupy wolontariackie, w tym szkolne i studenckie ko\u0142a wolontariatu (wolontariat grupowy), kt\u00f3rzy podejmowali bezinteresownie r\u00f3\u017cnorodne inicjatywy na rzecz dobra innych, promuj\u0105ce ide\u0119 wolontariatu oraz postawy otwarto\u015bci oraz zaanga\u017cowania na rzecz spo\u0142eczno\u015bci i os\u00f3b potrzebuj\u0105cych wsparcia, tak\u017ce przy wsparciu plac\u00f3wek edukacyjnych,<\/p>\n<p style=\"padding-left: 40px;\">b) <strong>wolontariat doros\u0142ych<\/strong> \u2013 kogo mo\u017cna zg\u0142osi\u0107? Osoby indywidualne aktywne zawodowo, poszukuj\u0105ce pracy, zagro\u017cone wykluczeniem spo\u0142ecznym (wolontariat indywidualny) lub formalne i nieformalne grupy wolontariackie (wolontariat grupowy), wolontariuszy &#8211; lokalnych lider\u00f3w dzia\u0142alno\u015bci spo\u0142ecznej, kt\u00f3rzy podejmowali bezinteresown\u0105 aktywno\u015b\u0107 spo\u0142eczn\u0105, anga\u017cuj\u0105c si\u0119 w inicjatywy, buduj\u0105ce wsp\u00f3lnot\u0119 obywatelsk\u0105, prowadzili dzia\u0142alno\u015b\u0107 na rzecz innych w ramach wolontariatu pracowniczego,<\/p>\n<p style=\"padding-left: 40px;\">c) <strong>wolontariat senior\u00f3w<\/strong> \u2013 kogo mo\u017cna zg\u0142osi\u0107? Osoby indywidualne tj. senior\u00f3w (wolontariat indywidualny) lub formalne i nieformalne grupy senior\u00f3w (wolontariat grupowy), kt\u00f3rzy podejmowali bezinteresown\u0105 aktywno\u015b\u0107 spo\u0142eczn\u0105 na rzecz lokalnej spo\u0142eczno\u015bci, realizuj\u0105c inicjatywy spo\u0142eczne buduj\u0105ce wsp\u00f3lnot\u0119 obywatelsk\u0105, dzia\u0142aj\u0105c na rzecz potrzebuj\u0105cych,<\/p>\n<p style=\"padding-left: 40px;\">d) <strong>Nagroda mieszka\u0144c\u00f3w Mazowsza<\/strong> \u2013 spo\u015br\u00f3d Kandydat\u00f3w zg\u0142oszonych w kategoriach, o kt\u00f3rych mowa w pkt a-c, Laureat zostanie wy\u0142oniony g\u0142osami mieszka\u0144c\u00f3w wojew\u00f3dztwa mazowieckiego. Na stronie <a href=\"https:\/\/www.dialog.mazovia.pl\/\">dialog.mazovia.pl<\/a> w zak\u0142adce &gt; \u201eWolontariat\u201d &gt; <a href=\"https:\/\/www.dialog.mazovia.pl\/wolontariat\/mazowieckie-barwy-wolontariatu\/\">Mazowieckie Barwy Wolontariatu<\/a> zostan\u0105 opublikowane wizyt\u00f3wki Kandydat\u00f3w, z kt\u00f3rymi b\u0119d\u0105 mogli zapozna\u0107 si\u0119 mieszka\u0144cy wojew\u00f3dztwa mazowieckiego i nast\u0119pnie zag\u0142osowa\u0107 wype\u0142niaj\u0105c online formularz g\u0142osowania. Szczeg\u00f3\u0142owe informacje oraz termin g\u0142osowania zostanie opublikowany na stronach <a href=\"https:\/\/mazovia.pl\/\">mazovia.pl<\/a> i <a href=\"https:\/\/www.dialog.mazovia.pl\/\">dialog.mazovia.pl<\/a> oraz portalach spo\u0142eczno\u015bciowych Facebook prowadzonych przez Organizatora;<\/p>\n<p style=\"padding-left: 40px;\">2) specjalnej \u2013 <strong>Organizator wolontariatu<\/strong> &#8211; kogo mo\u017cna zg\u0142osi\u0107? Tylko organizacje pozarz\u0105dowe lub podmioty wymienione w art. 3 ust. 3 ustawy o dzia\u0142alno\u015bci po\u017cytku publicznego i o wolontariacie, zwane dalej \u201eorganizacjami pozarz\u0105dowymi\u201d, kt\u00f3re realizuj\u0105 innowacyjne i rozwojowe projekty wolontariackie oraz efektywne formy anga\u017cowania wolontariuszy.<\/p>\n<p>&nbsp;<\/p>\n<p><strong>Kto, kiedy i jak mo\u017ce zg\u0142osi\u0107 Kandydata?<\/strong><\/p>\n<p>1. Kandydat\u00f3w mog\u0105 zg\u0142asza\u0107 od 1 do 30 wrze\u015bnia 2024 r. m.in. organizacje pozarz\u0105dowe, instytucje samorz\u0105dowe, podmioty, kt\u00f3re realizuj\u0105 program wolontariatu pracowniczego, osoby fizyczne korzystaj\u0105ce z pomocy wolontariuszy, wolontariusze.<\/p>\n<p>2. Zg\u0142aszaj\u0105cy wykazuje aktywno\u015b\u0107 wolontariack\u0105 Kandydata za okres od 1 wrze\u015bnia 2023 r. do 31 sierpnia 2024 r.<\/p>\n<p>3. Kandydat do Konkursu nie mo\u017ce zg\u0142osi\u0107 si\u0119 samodzielnie.<\/p>\n<p>4. W Konkursie nie mog\u0105 uczestniczy\u0107 osoby, kt\u00f3re uzyska\u0142y tytu\u0142 Laureata w poprzednich trzech edycjach Konkursu.<\/p>\n<p>5. Zg\u0142aszaj\u0105cy mo\u017ce zg\u0142osi\u0107 od 1 do 3 Kandydat\u00f3w. Dla ka\u017cdego Kandydata nale\u017cy wype\u0142ni\u0107 osobny formularz zg\u0142oszeniowy.<\/p>\n<p>6. Wype\u0142niony <a href=\"https:\/\/muzeum.ostroleka.pl\/wp-content\/uploads\/2024\/08\/Formularz-zgloszeniowy_XIV-_Konkurs-Mazowieckie-Barwy-Wolontariatu_2024.docx\"><strong>formularz zg\u0142oszeniowy<\/strong><\/a> nale\u017cy przekaza\u0107 w jeden z ni\u017cej wskazanych sposob\u00f3w:<\/p>\n<p style=\"padding-left: 40px;\">1) <strong>elektronicznie \u2013 na adres e-mail: <a href=\"mailto:organizacyjny@mazovia.pl\">organizacyjny@mazovia.pl<\/a><\/strong>, z dopiskiem w temacie <strong>\u201eXIV edycja Konkursu Mazowieckie Barwy Wolontariatu\u201d <\/strong>(formularz zg\u0142oszeniowy oraz potwierdzenie dzia\u0142alno\u015bci wolontariusza musi mie\u0107 form\u0119 skanu np. <strong>w formacie pliku .pdf i zawiera\u0107 podpisy Kandydat\u00f3w i os\u00f3b dokonuj\u0105cych <\/strong><strong>zg\u0142oszenia lub reprezentuj\u0105cych podmiot zg\u0142aszaj\u0105cy lub potwierdzaj\u0105cych dzia\u0142alno\u015b\u0107 <\/strong><strong>wolontariusza<\/strong>);<\/p>\n<p style=\"padding-left: 40px;\">2) poczt\u0105 na adres (decyduje data wp\u0142ywu do Urz\u0119du): Biuro Dialogu i Inicjatyw Spo\u0142ecznych Urz\u0105d Marsza\u0142kowski Wojew\u00f3dztwa Mazowieckiego w Warszawie ul. Okrzei 35, 03-715 Warszawa<br \/>\n&#8211; z dopiskiem \u201eMazowieckie Barwy Wolontariatu\u201d.<\/p>\n<p style=\"padding-left: 40px;\">&nbsp;<\/p>\n<p><strong>Nagrody w Konkursie<\/strong><\/p>\n<p>W tegorocznej edycji Konkursu dla Laureat\u00f3w w ka\u017cdej kategorii, w tym podzia\u0142 na wolontariat indywidualny i wolontariat grupowy, przewidziane s\u0105 nagrody finansowe w wysoko\u015bci: 2 000 z\u0142 (wolontariat indywidualny) i 3 000 z\u0142 (wolontariat grupowy). Natomiast dla wyr\u00f3\u017cnionych we wszystkich kategoriach, bilety\/vouchery &#8211; ufundowane przez mazowieckie instytucje kultury.<\/p>\n<p>Wi\u0119cej informacji w <a href=\"https:\/\/muzeum.ostroleka.pl\/wp-content\/uploads\/2024\/08\/Zal.-do-uchwaly_Regulamin_-XIV_Konkurs-Mazowieckie-Barw-Wolontariatu_2024.pdf\"><strong>Regulaminie Konkursu<\/strong><\/a>.<\/p>\n<p>Szczeg\u00f3\u0142owych informacji udzielaj\u0105 pracownicy Biura Dialogu i Inicjatyw Spo\u0142ecznych, tel. 224379474.<\/p>\n","protected":false},"excerpt":{"rendered":"<p>Wojew\u00f3dztwo Mazowieckie ju\u017c po raz czternasty og\u0142asza konkurs \u201eMazowieckie Barwy Wolontariatu\u201d, zwany dalej \u201eKonkursem\u201d. Jego celem jest nagrodzenie Wolontariuszy, lider\u00f3w spo\u0142ecznych za ich dzia\u0142alno\u015b\u0107 na rzecz wojew\u00f3dztwa mazowieckiego i jego mieszka\u0144c\u00f3w, popularyzacja dokona\u0144 wolontariuszy jako dobrych praktyk, w tym realizowanych indywidualnie lub w partnerstwie z mazowieckimi organizacjami pozarz\u0105dowymi oraz zach\u0119canie mieszka\u0144c\u00f3w Mazowsza do podejmowania aktywno\u015bci [&hellip;]<\/p>\n","protected":false},"author":3,"featured_media":16744,"comment_status":"closed","ping_status":"closed","sticky":false,"template":"","format":"standard","meta":{"_acf_changed":false,"_lmt_disableupdate":"","_lmt_disable":"","_monsterinsights_skip_tracking":false,"_monsterinsights_sitenote_active":false,"_monsterinsights_sitenote_note":"","_monsterinsights_sitenote_category":0,"ngg_post_thumbnail":0,"footnotes":""},"categories":[3],"tags":[],"class_list":["post-16742","post","type-post","status-publish","format-standard","has-post-thumbnail","hentry","category-aktualnosci"],"acf":[],"modified_by":"Daniel Go\u0142a\u015b","_links":{"self":[{"href":"https:\/\/muzeum.ostroleka.pl\/index.php?rest_route=\/wp\/v2\/posts\/16742","targetHints":{"allow":["GET"]}}],"collection":[{"href":"https:\/\/muzeum.ostroleka.pl\/index.php?rest_route=\/wp\/v2\/posts"}],"about":[{"href":"https:\/\/muzeum.ostroleka.pl\/index.php?rest_route=\/wp\/v2\/types\/post"}],"author":[{"embeddable":true,"href":"https:\/\/muzeum.ostroleka.pl\/index.php?rest_route=\/wp\/v2\/users\/3"}],"replies":[{"embeddable":true,"href":"https:\/\/muzeum.ostroleka.pl\/index.php?rest_route=%2Fwp%2Fv2%2Fcomments&post=16742"}],"version-history":[{"count":3,"href":"https:\/\/muzeum.ostroleka.pl\/index.php?rest_route=\/wp\/v2\/posts\/16742\/revisions"}],"predecessor-version":[{"id":16748,"href":"https:\/\/muzeum.ostroleka.pl\/index.php?rest_route=\/wp\/v2\/posts\/16742\/revisions\/16748"}],"wp:featuredmedia":[{"embeddable":true,"href":"https:\/\/muzeum.ostroleka.pl\/index.php?rest_route=\/wp\/v2\/media\/16744"}],"wp:attachment":[{"href":"https:\/\/muzeum.ostroleka.pl\/index.php?rest_route=%2Fwp%2Fv2%2Fmedia&parent=16742"}],"wp:term":[{"taxonomy":"category","embeddable":true,"href":"https:\/\/muzeum.ostroleka.pl\/index.php?rest_route=%2Fwp%2Fv2%2Fcategories&post=16742"},{"taxonomy":"post_tag","embeddable":true,"href":"https:\/\/muzeum.ostroleka.pl\/index.php?rest_route=%2Fwp%2Fv2%2Ftags&post=16742"}],"curies":[{"name":"wp","href":"https:\/\/api.w.org\/{rel}","templated":true}]}}