{"id":16885,"date":"2024-10-07T11:07:35","date_gmt":"2024-10-07T10:07:35","guid":{"rendered":"https:\/\/muzeum.ostroleka.pl\/?p=16885"},"modified":"2024-10-07T11:53:44","modified_gmt":"2024-10-07T10:53:44","slug":"zapraszamy-na-niedziele-w-muzeum","status":"publish","type":"post","link":"https:\/\/muzeum.ostroleka.pl\/?p=16885","title":{"rendered":"Zapraszamy na \u201eNiedziel\u0119 w Muzeum\u201d"},"content":{"rendered":"<p style=\"text-align: justify;\">Zapraszamy na kolejne spotkanie z cyklu \u201eNiedziela w Muzeum\u201d. Tym razem poznamy histori\u0119 kurpiowskiego pieczywa obrz\u0119dowego, a tak\u017ce nauczymy si\u0119 wykonywa\u0107 \u201eby\u015bki\u201d i \u201enowe latka\u201d. Prelekcj\u0119 na temat pieczywa wyg\u0142osi etnograf Robert Dul, natomiast warsztaty poprowadz\u0105 tw\u00f3rczynie ze Stowarzyszenia Artyst\u00f3w Kurpiowskich.<\/p>\n<p>\u2022&nbsp; Termin spotkania: 13 pa\u017adziernika 2024 r., godz. 11.00.<br \/>\n\u2022&nbsp; Miejsce: Muzeum Kultury Kurpiowskiej, Plac gen. J\u00f3zefa Bema 8 w Ostro\u0142\u0119ce.<br \/>\n\u2022&nbsp; Obowi\u0105zuj\u0105 zapisy pod numerem tel. 29 764 54 43 wew. 43. Liczba miejsc jest ograniczona.<br \/>\n\u2022&nbsp; Uczestnictwo w spotkaniu jest bezp\u0142atne.<\/p>\n<p>Zadanie dofinansowane ze \u015brodk\u00f3w Narodowego Instytutu Dziedzictwa. Program \u201eNiematerialne \u2013 przeka\u017c dalej 2024\u201d.<\/p>\n","protected":false},"excerpt":{"rendered":"<p>Zapraszamy na kolejne spotkanie z cyklu \u201eNiedziela w Muzeum\u201d. Tym razem poznamy histori\u0119 kurpiowskiego pieczywa obrz\u0119dowego, a tak\u017ce nauczymy si\u0119 wykonywa\u0107 \u201eby\u015bki\u201d i \u201enowe latka\u201d. Prelekcj\u0119 na temat pieczywa wyg\u0142osi etnograf Robert Dul, natomiast warsztaty poprowadz\u0105 tw\u00f3rczynie ze Stowarzyszenia Artyst\u00f3w Kurpiowskich. \u2022&nbsp; Termin spotkania: 13 pa\u017adziernika 2024 r., godz. 11.00. \u2022&nbsp; Miejsce: Muzeum Kultury Kurpiowskiej, [&hellip;]<\/p>\n","protected":false},"author":3,"featured_media":16887,"comment_status":"closed","ping_status":"closed","sticky":false,"template":"","format":"standard","meta":{"_acf_changed":false,"_lmt_disableupdate":"","_lmt_disable":"","_monsterinsights_skip_tracking":false,"_monsterinsights_sitenote_active":false,"_monsterinsights_sitenote_note":"","_monsterinsights_sitenote_category":0,"ngg_post_thumbnail":0,"footnotes":""},"categories":[3],"tags":[],"class_list":["post-16885","post","type-post","status-publish","format-standard","has-post-thumbnail","hentry","category-aktualnosci"],"acf":[],"modified_by":"Daniel Go\u0142a\u015b","_links":{"self":[{"href":"https:\/\/muzeum.ostroleka.pl\/index.php?rest_route=\/wp\/v2\/posts\/16885","targetHints":{"allow":["GET"]}}],"collection":[{"href":"https:\/\/muzeum.ostroleka.pl\/index.php?rest_route=\/wp\/v2\/posts"}],"about":[{"href":"https:\/\/muzeum.ostroleka.pl\/index.php?rest_route=\/wp\/v2\/types\/post"}],"author":[{"embeddable":true,"href":"https:\/\/muzeum.ostroleka.pl\/index.php?rest_route=\/wp\/v2\/users\/3"}],"replies":[{"embeddable":true,"href":"https:\/\/muzeum.ostroleka.pl\/index.php?rest_route=%2Fwp%2Fv2%2Fcomments&post=16885"}],"version-history":[{"count":2,"href":"https:\/\/muzeum.ostroleka.pl\/index.php?rest_route=\/wp\/v2\/posts\/16885\/revisions"}],"predecessor-version":[{"id":16888,"href":"https:\/\/muzeum.ostroleka.pl\/index.php?rest_route=\/wp\/v2\/posts\/16885\/revisions\/16888"}],"wp:featuredmedia":[{"embeddable":true,"href":"https:\/\/muzeum.ostroleka.pl\/index.php?rest_route=\/wp\/v2\/media\/16887"}],"wp:attachment":[{"href":"https:\/\/muzeum.ostroleka.pl\/index.php?rest_route=%2Fwp%2Fv2%2Fmedia&parent=16885"}],"wp:term":[{"taxonomy":"category","embeddable":true,"href":"https:\/\/muzeum.ostroleka.pl\/index.php?rest_route=%2Fwp%2Fv2%2Fcategories&post=16885"},{"taxonomy":"post_tag","embeddable":true,"href":"https:\/\/muzeum.ostroleka.pl\/index.php?rest_route=%2Fwp%2Fv2%2Ftags&post=16885"}],"curies":[{"name":"wp","href":"https:\/\/api.w.org\/{rel}","templated":true}]}}