{"id":16915,"date":"2024-10-13T14:40:51","date_gmt":"2024-10-13T13:40:51","guid":{"rendered":"https:\/\/muzeum.ostroleka.pl\/?p=16915"},"modified":"2024-10-16T12:43:29","modified_gmt":"2024-10-16T11:43:29","slug":"uczestnicy-niedzielnego-spotkania-wykonywali-byski-i-nowe-latka","status":"publish","type":"post","link":"https:\/\/muzeum.ostroleka.pl\/?p=16915","title":{"rendered":"Uczestnicy niedzielnego spotkania wykonywali \u201eby\u015bki\u201d i \u201enowe latka\u201d"},"content":{"rendered":"<p style=\"text-align: justify;\">Podczas dzisiejszej \u201eNiedzieli w Muzeum\u201d odby\u0142y si\u0119 warsztaty tworzenia kurpiowskiego pieczywa obrz\u0119dowego, w kt\u00f3rych wzi\u0119li udzia\u0142 zar\u00f3wno doro\u015bli, jak i dzieci. Spotkanie rozpocz\u0105\u0142 etnograf Robert Dul, kt\u00f3ry opowiedzia\u0142 go\u015bciom o historii i obrz\u0119dowo\u015bci zwi\u0105zanej z pieczywem oraz wy\u015bwietli\u0142 film. Podczas cz\u0119\u015bci praktycznej, uczestnicy pod okiem tw\u00f3rc\u00f3w ludowych ze Stowarzyszenie Artyst\u00f3w Kurpiowskich poznawali tajniki przygotowania i wypieku \u201eby\u015bk\u00f3w\u201d oraz \u201enowych latek\u201d. Atmosfera by\u0142a pe\u0142na tw\u00f3rczego zaanga\u017cowania, a tak\u017ce zabawy i rado\u015bci. Teraz pi\u0119kne, r\u0119cznie wykonane przez naszych go\u015bci wypieki ozdobi\u0105 ich domy, przypominaj\u0105c o bogatej tradycji Kurpiowszczyzny.<\/p>\n<p style=\"text-align: justify;\">Zadanie dofinansowane ze \u015brodk\u00f3w Narodowego Instytutu Dziedzictwa. Program \u201eNiematerialne \u2013 przeka\u017c dalej 2024\u201d.<\/p>\n<p>&nbsp;<\/p>\nngg_shortcode_0_placeholder\n","protected":false},"excerpt":{"rendered":"<p>Podczas dzisiejszej \u201eNiedzieli w Muzeum\u201d odby\u0142y si\u0119 warsztaty tworzenia kurpiowskiego pieczywa obrz\u0119dowego, w kt\u00f3rych wzi\u0119li udzia\u0142 zar\u00f3wno doro\u015bli, jak i dzieci. Spotkanie rozpocz\u0105\u0142 etnograf Robert Dul, kt\u00f3ry opowiedzia\u0142 go\u015bciom o historii i obrz\u0119dowo\u015bci zwi\u0105zanej z pieczywem oraz wy\u015bwietli\u0142 film. Podczas cz\u0119\u015bci praktycznej, uczestnicy pod okiem tw\u00f3rc\u00f3w ludowych ze Stowarzyszenie Artyst\u00f3w Kurpiowskich poznawali tajniki przygotowania i [&hellip;]<\/p>\n","protected":false},"author":3,"featured_media":16934,"comment_status":"closed","ping_status":"closed","sticky":false,"template":"","format":"standard","meta":{"_acf_changed":false,"_lmt_disableupdate":"","_lmt_disable":"","_monsterinsights_skip_tracking":false,"_monsterinsights_sitenote_active":false,"_monsterinsights_sitenote_note":"","_monsterinsights_sitenote_category":0,"ngg_post_thumbnail":0,"footnotes":""},"categories":[3],"tags":[],"class_list":["post-16915","post","type-post","status-publish","format-standard","has-post-thumbnail","hentry","category-aktualnosci"],"acf":[],"modified_by":"Daniel Go\u0142a\u015b","_links":{"self":[{"href":"https:\/\/muzeum.ostroleka.pl\/index.php?rest_route=\/wp\/v2\/posts\/16915","targetHints":{"allow":["GET"]}}],"collection":[{"href":"https:\/\/muzeum.ostroleka.pl\/index.php?rest_route=\/wp\/v2\/posts"}],"about":[{"href":"https:\/\/muzeum.ostroleka.pl\/index.php?rest_route=\/wp\/v2\/types\/post"}],"author":[{"embeddable":true,"href":"https:\/\/muzeum.ostroleka.pl\/index.php?rest_route=\/wp\/v2\/users\/3"}],"replies":[{"embeddable":true,"href":"https:\/\/muzeum.ostroleka.pl\/index.php?rest_route=%2Fwp%2Fv2%2Fcomments&post=16915"}],"version-history":[{"count":1,"href":"https:\/\/muzeum.ostroleka.pl\/index.php?rest_route=\/wp\/v2\/posts\/16915\/revisions"}],"predecessor-version":[{"id":16935,"href":"https:\/\/muzeum.ostroleka.pl\/index.php?rest_route=\/wp\/v2\/posts\/16915\/revisions\/16935"}],"wp:featuredmedia":[{"embeddable":true,"href":"https:\/\/muzeum.ostroleka.pl\/index.php?rest_route=\/wp\/v2\/media\/16934"}],"wp:attachment":[{"href":"https:\/\/muzeum.ostroleka.pl\/index.php?rest_route=%2Fwp%2Fv2%2Fmedia&parent=16915"}],"wp:term":[{"taxonomy":"category","embeddable":true,"href":"https:\/\/muzeum.ostroleka.pl\/index.php?rest_route=%2Fwp%2Fv2%2Fcategories&post=16915"},{"taxonomy":"post_tag","embeddable":true,"href":"https:\/\/muzeum.ostroleka.pl\/index.php?rest_route=%2Fwp%2Fv2%2Ftags&post=16915"}],"curies":[{"name":"wp","href":"https:\/\/api.w.org\/{rel}","templated":true}]}}