{"id":1697,"date":"2019-11-04T09:10:17","date_gmt":"2019-11-04T09:10:17","guid":{"rendered":"http:\/\/muzeum.ostroleka.pl\/?p=1697"},"modified":"2019-11-28T09:21:14","modified_gmt":"2019-11-28T08:21:14","slug":"warsztaty-patriotyczne-pt-barwy-niepodleglej","status":"publish","type":"post","link":"https:\/\/muzeum.ostroleka.pl\/?p=1697","title":{"rendered":"Warsztaty patriotyczne pt. \u201eBarwy Niepodleg\u0142ej\u201d"},"content":{"rendered":"<p style=\"text-align: justify;\">Muzeum Kultury Kurpiowskiej w Ostro\u0142\u0119ce zaprasza w dn. 11 listopada (poniedzia\u0142ek) w godz. 10.00 \u2013 14.00 na rodzinn\u0105 imprez\u0119 patriotyczn\u0105 pt. \u201eBarwy Niepodleg\u0142ej\u201d, w ramach kt\u00f3rej wykonamy pami\u0105tki patriotyczne m.in. flagi, kokardy narodowe, bi\u017cuteri\u0119, breloczki, nast\u0119pnie o godz. 12.00 w ramach og\u00f3lnopolskiej akcji \u201eNiepodleg\u0142a do Hymnu\u201d za\u015bpiewamy wsp\u00f3lnie \u201eMazurek D\u0105browskiego\u201d.<\/p>\n<p style=\"text-align: justify;\">Od lat w ramach naszych imprez i lekcji uczymy dzieci Hymnu Polski a w dniu 11 listopada b\u0119dzie okazja do jego za\u015bpiewania.<\/p>\n<p style=\"text-align: justify;\">Op\u0142ata 5 z\u0142 od osoby.<\/p>\n","protected":false},"excerpt":{"rendered":"<p>Muzeum Kultury Kurpiowskiej w Ostro\u0142\u0119ce zaprasza w dn. 11 listopada (poniedzia\u0142ek) w godz. 10.00 \u2013 14.00 na rodzinn\u0105 imprez\u0119 patriotyczn\u0105 pt. \u201eBarwy Niepodleg\u0142ej\u201d, w ramach kt\u00f3rej wykonamy pami\u0105tki patriotyczne m.in. flagi, kokardy narodowe, bi\u017cuteri\u0119, breloczki, nast\u0119pnie o godz. 12.00 w ramach og\u00f3lnopolskiej akcji \u201eNiepodleg\u0142a do Hymnu\u201d za\u015bpiewamy wsp\u00f3lnie \u201eMazurek D\u0105browskiego\u201d. Od lat w ramach naszych [&hellip;]<\/p>\n","protected":false},"author":3,"featured_media":1669,"comment_status":"open","ping_status":"open","sticky":false,"template":"","format":"standard","meta":{"_acf_changed":false,"_lmt_disableupdate":"","_lmt_disable":"","_monsterinsights_skip_tracking":false,"_monsterinsights_sitenote_active":false,"_monsterinsights_sitenote_note":"","_monsterinsights_sitenote_category":0,"ngg_post_thumbnail":0,"footnotes":""},"categories":[3],"tags":[],"class_list":["post-1697","post","type-post","status-publish","format-standard","has-post-thumbnail","hentry","category-aktualnosci"],"acf":[],"modified_by":"Daniel Go\u0142a\u015b","_links":{"self":[{"href":"https:\/\/muzeum.ostroleka.pl\/index.php?rest_route=\/wp\/v2\/posts\/1697","targetHints":{"allow":["GET"]}}],"collection":[{"href":"https:\/\/muzeum.ostroleka.pl\/index.php?rest_route=\/wp\/v2\/posts"}],"about":[{"href":"https:\/\/muzeum.ostroleka.pl\/index.php?rest_route=\/wp\/v2\/types\/post"}],"author":[{"embeddable":true,"href":"https:\/\/muzeum.ostroleka.pl\/index.php?rest_route=\/wp\/v2\/users\/3"}],"replies":[{"embeddable":true,"href":"https:\/\/muzeum.ostroleka.pl\/index.php?rest_route=%2Fwp%2Fv2%2Fcomments&post=1697"}],"version-history":[{"count":3,"href":"https:\/\/muzeum.ostroleka.pl\/index.php?rest_route=\/wp\/v2\/posts\/1697\/revisions"}],"predecessor-version":[{"id":1702,"href":"https:\/\/muzeum.ostroleka.pl\/index.php?rest_route=\/wp\/v2\/posts\/1697\/revisions\/1702"}],"wp:featuredmedia":[{"embeddable":true,"href":"https:\/\/muzeum.ostroleka.pl\/index.php?rest_route=\/wp\/v2\/media\/1669"}],"wp:attachment":[{"href":"https:\/\/muzeum.ostroleka.pl\/index.php?rest_route=%2Fwp%2Fv2%2Fmedia&parent=1697"}],"wp:term":[{"taxonomy":"category","embeddable":true,"href":"https:\/\/muzeum.ostroleka.pl\/index.php?rest_route=%2Fwp%2Fv2%2Fcategories&post=1697"},{"taxonomy":"post_tag","embeddable":true,"href":"https:\/\/muzeum.ostroleka.pl\/index.php?rest_route=%2Fwp%2Fv2%2Ftags&post=1697"}],"curies":[{"name":"wp","href":"https:\/\/api.w.org\/{rel}","templated":true}]}}