{"id":17018,"date":"2024-10-18T16:53:38","date_gmt":"2024-10-18T15:53:38","guid":{"rendered":"https:\/\/muzeum.ostroleka.pl\/?p=17018"},"modified":"2024-10-22T13:09:52","modified_gmt":"2024-10-22T12:09:52","slug":"nauczymy-sie-gotowac-po-kurpiowsku","status":"publish","type":"post","link":"https:\/\/muzeum.ostroleka.pl\/?p=17018","title":{"rendered":"Nauczymy si\u0119 gotowa\u0107 po kurpiowsku"},"content":{"rendered":"<p>W ramach najbli\u017cszego spotkania z cyklu \u201eNiedziela w Muzeum\u201d zapraszamy na wyj\u0105tkowe warsztaty kulinarne \u201eKurpiowska kapusta z g\u0119sin\u0105\u201d, podczas kt\u00f3rych tw\u00f3rczynie ze Stowarzyszenia Artyst\u00f3w Kurpiowskich naucz\u0105 go\u015bci przygotowywania przepysznej kurpiowskiej potrawy.<\/p>\n<p>\ud83d\udd38 Termin spotkania: 27 pa\u017adziernika 2024 r., godzina 11.00.<br \/>\n\ud83d\udd38 Miejsce: Muzeum Kultury Kurpiowskiej, Plac gen. J\u00f3zefa Bema 8 w Ostro\u0142\u0119ce.<br \/>\n\ud83d\udd38 Obowi\u0105zuj\u0105 zapisy pod numerem tel. 29 764 54 43 wew. 43. Liczba miejsc jest ograniczona.<\/p>\n<p>\ud83d\udd39 <span style=\"text-decoration: underline;\">Uczestnictwo w spotkaniu jest bezp\u0142atne<\/span> \ud83d\udd39<\/p>\n<p>&nbsp;<\/p>\n<p>Zadanie publiczne dofinansowane z bud\u017cetu Wojew\u00f3dztwa Mazowieckiego.<\/p>\n<p>&nbsp;<\/p>\n<p>&nbsp;<\/p>\n<p><img loading=\"lazy\" decoding=\"async\" class=\"aligncenter wp-image-17024 \" src=\"http:\/\/muzeum.ostroleka.pl\/wp-content\/uploads\/2024\/10\/warsztaty-kurpiowska-kapusta-z-gesina.jpg\" alt=\"\" width=\"741\" height=\"524\" srcset=\"https:\/\/muzeum.ostroleka.pl\/wp-content\/uploads\/2024\/10\/warsztaty-kurpiowska-kapusta-z-gesina.jpg 1754w, https:\/\/muzeum.ostroleka.pl\/wp-content\/uploads\/2024\/10\/warsztaty-kurpiowska-kapusta-z-gesina-300x212.jpg 300w, https:\/\/muzeum.ostroleka.pl\/wp-content\/uploads\/2024\/10\/warsztaty-kurpiowska-kapusta-z-gesina-1024x724.jpg 1024w, https:\/\/muzeum.ostroleka.pl\/wp-content\/uploads\/2024\/10\/warsztaty-kurpiowska-kapusta-z-gesina-768x543.jpg 768w, https:\/\/muzeum.ostroleka.pl\/wp-content\/uploads\/2024\/10\/warsztaty-kurpiowska-kapusta-z-gesina-1536x1086.jpg 1536w, https:\/\/muzeum.ostroleka.pl\/wp-content\/uploads\/2024\/10\/warsztaty-kurpiowska-kapusta-z-gesina-500x353.jpg 500w\" sizes=\"auto, (max-width: 741px) 100vw, 741px\" \/><\/p>\n","protected":false},"excerpt":{"rendered":"<p>W ramach najbli\u017cszego spotkania z cyklu \u201eNiedziela w Muzeum\u201d zapraszamy na wyj\u0105tkowe warsztaty kulinarne \u201eKurpiowska kapusta z g\u0119sin\u0105\u201d, podczas kt\u00f3rych tw\u00f3rczynie ze Stowarzyszenia Artyst\u00f3w Kurpiowskich naucz\u0105 go\u015bci przygotowywania przepysznej kurpiowskiej potrawy. \ud83d\udd38 Termin spotkania: 27 pa\u017adziernika 2024 r., godzina 11.00. \ud83d\udd38 Miejsce: Muzeum Kultury Kurpiowskiej, Plac gen. J\u00f3zefa Bema 8 w Ostro\u0142\u0119ce. \ud83d\udd38 Obowi\u0105zuj\u0105 zapisy [&hellip;]<\/p>\n","protected":false},"author":3,"featured_media":17019,"comment_status":"closed","ping_status":"closed","sticky":false,"template":"","format":"standard","meta":{"_acf_changed":false,"_lmt_disableupdate":"no","_lmt_disable":"no","_monsterinsights_skip_tracking":false,"_monsterinsights_sitenote_active":false,"_monsterinsights_sitenote_note":"","_monsterinsights_sitenote_category":0,"ngg_post_thumbnail":0,"footnotes":""},"categories":[3],"tags":[],"class_list":["post-17018","post","type-post","status-publish","format-standard","has-post-thumbnail","hentry","category-aktualnosci"],"acf":[],"modified_by":"Daniel Go\u0142a\u015b","_links":{"self":[{"href":"https:\/\/muzeum.ostroleka.pl\/index.php?rest_route=\/wp\/v2\/posts\/17018","targetHints":{"allow":["GET"]}}],"collection":[{"href":"https:\/\/muzeum.ostroleka.pl\/index.php?rest_route=\/wp\/v2\/posts"}],"about":[{"href":"https:\/\/muzeum.ostroleka.pl\/index.php?rest_route=\/wp\/v2\/types\/post"}],"author":[{"embeddable":true,"href":"https:\/\/muzeum.ostroleka.pl\/index.php?rest_route=\/wp\/v2\/users\/3"}],"replies":[{"embeddable":true,"href":"https:\/\/muzeum.ostroleka.pl\/index.php?rest_route=%2Fwp%2Fv2%2Fcomments&post=17018"}],"version-history":[{"count":8,"href":"https:\/\/muzeum.ostroleka.pl\/index.php?rest_route=\/wp\/v2\/posts\/17018\/revisions"}],"predecessor-version":[{"id":17030,"href":"https:\/\/muzeum.ostroleka.pl\/index.php?rest_route=\/wp\/v2\/posts\/17018\/revisions\/17030"}],"wp:featuredmedia":[{"embeddable":true,"href":"https:\/\/muzeum.ostroleka.pl\/index.php?rest_route=\/wp\/v2\/media\/17019"}],"wp:attachment":[{"href":"https:\/\/muzeum.ostroleka.pl\/index.php?rest_route=%2Fwp%2Fv2%2Fmedia&parent=17018"}],"wp:term":[{"taxonomy":"category","embeddable":true,"href":"https:\/\/muzeum.ostroleka.pl\/index.php?rest_route=%2Fwp%2Fv2%2Fcategories&post=17018"},{"taxonomy":"post_tag","embeddable":true,"href":"https:\/\/muzeum.ostroleka.pl\/index.php?rest_route=%2Fwp%2Fv2%2Ftags&post=17018"}],"curies":[{"name":"wp","href":"https:\/\/api.w.org\/{rel}","templated":true}]}}