{"id":17031,"date":"2024-10-22T14:34:44","date_gmt":"2024-10-22T13:34:44","guid":{"rendered":"https:\/\/muzeum.ostroleka.pl\/?p=17031"},"modified":"2024-10-24T14:40:14","modified_gmt":"2024-10-24T13:40:14","slug":"senso-obraz-odkrywanie-sztuki-przez-zmysly","status":"publish","type":"post","link":"https:\/\/muzeum.ostroleka.pl\/?p=17031","title":{"rendered":"Senso-obraz. Odkrywanie sztuki przez zmys\u0142y"},"content":{"rendered":"<p style=\"text-align: justify;\">Zapraszamy uczni\u00f3w szk\u00f3\u0142 podstawowych oraz dzieci z przedszkoli do udzia\u0142u w nowej lekcji muzealnej \u201eSenso-obraz. Odkrywanie sztuki przez zmys\u0142y\u201d. Podczas lekcji uczniowie poznaj\u0105 r\u00f3\u017cne sposoby do\u015bwiadczania sztuki poprzez zmys\u0142y, naucz\u0105 si\u0119 interpretowa\u0107 obrazy nie tylko wizualnie, ale r\u00f3wnie\u017c przez dotyk, s\u0142uch i zapach. Lekcja w oparciu o wystaw\u0119 sta\u0142\u0105 \u201eGaleria sztuki polskiej pierwszej po\u0142owy XX wieku\u201d przybli\u017cy uczestnikom dzie\u0142a oraz sylwetki artyst\u00f3w zaprezentowanych na tej wystawie. Na koniec proponujemy zaj\u0119cia plastyczne.<\/p>\n<p style=\"text-align: justify;\">Otaczaj\u0105cy nas \u015bwiat czujemy. Poznajemy go sensorycznie, a wi\u0119c dzi\u0119ki zmys\u0142om. Ogl\u0105damy, s\u0142uchamy, dotykamy, smakujemy i w\u0105chamy. Tworzymy najr\u00f3\u017cniejsze dzie\u0142a sztuki, aby nasze zmys\u0142y dozna\u0142y ukojenia, zaspokojenia lub poruszenia. Dla uszu komponujemy muzyk\u0119, dla oczu malujemy obrazy, dla j\u0119zyka i nosa powsta\u0142a np. sztuka kulinarna. I tu pojawiaj\u0105 si\u0119 nasze pytania. Czy poszczeg\u00f3lne dziedziny dzia\u0142alno\u015bci artystycznej wp\u0142ywaj\u0105 tylko na jeden zmys\u0142? Czy sztuki wizualne powstaj\u0105 wy\u0142\u0105cznie dla oczu? Czy w muzeum mo\u017cemy poczu\u0107 obrazy wisz\u0105ce na \u015bcianach?<\/p>\n<p>&nbsp;<\/p>\n<ul>\n<li>Czas zaj\u0119\u0107: ok. 60 minut.<\/li>\n<li>Op\u0142ata za lekcj\u0119: 12 z\u0142 od osoby.<\/li>\n<li>Zapisy: tel. 29 764 54 43 wew. 43.<\/li>\n<li>Lekcja adresowana do uczni\u00f3w szk\u00f3\u0142 podstawowych i przedszkoli.<\/li>\n<\/ul>\n<p>&nbsp;<\/p>\n<p><strong>W ramach programu \u201eKulturalna szko\u0142a na Mazowszu\u201d zorganizowane grupy szkolne i dzieci z tzw. zer\u00f3wek z terenu wojew\u00f3dztwa mazowieckiego zapraszamy na lekcje i warsztaty muzealne za z\u0142ot\u00f3wk\u0119.<\/strong><\/p>\n","protected":false},"excerpt":{"rendered":"<p>Zapraszamy uczni\u00f3w szk\u00f3\u0142 podstawowych oraz dzieci z przedszkoli do udzia\u0142u w nowej lekcji muzealnej \u201eSenso-obraz. Odkrywanie sztuki przez zmys\u0142y\u201d. Podczas lekcji uczniowie poznaj\u0105 r\u00f3\u017cne sposoby do\u015bwiadczania sztuki poprzez zmys\u0142y, naucz\u0105 si\u0119 interpretowa\u0107 obrazy nie tylko wizualnie, ale r\u00f3wnie\u017c przez dotyk, s\u0142uch i zapach. Lekcja w oparciu o wystaw\u0119 sta\u0142\u0105 \u201eGaleria sztuki polskiej pierwszej po\u0142owy XX [&hellip;]<\/p>\n","protected":false},"author":3,"featured_media":17032,"comment_status":"closed","ping_status":"closed","sticky":false,"template":"","format":"standard","meta":{"_acf_changed":false,"_lmt_disableupdate":"no","_lmt_disable":"no","_monsterinsights_skip_tracking":false,"_monsterinsights_sitenote_active":false,"_monsterinsights_sitenote_note":"","_monsterinsights_sitenote_category":0,"ngg_post_thumbnail":0,"footnotes":""},"categories":[3],"tags":[],"class_list":["post-17031","post","type-post","status-publish","format-standard","has-post-thumbnail","hentry","category-aktualnosci"],"acf":[],"modified_by":"Daniel Go\u0142a\u015b","_links":{"self":[{"href":"https:\/\/muzeum.ostroleka.pl\/index.php?rest_route=\/wp\/v2\/posts\/17031","targetHints":{"allow":["GET"]}}],"collection":[{"href":"https:\/\/muzeum.ostroleka.pl\/index.php?rest_route=\/wp\/v2\/posts"}],"about":[{"href":"https:\/\/muzeum.ostroleka.pl\/index.php?rest_route=\/wp\/v2\/types\/post"}],"author":[{"embeddable":true,"href":"https:\/\/muzeum.ostroleka.pl\/index.php?rest_route=\/wp\/v2\/users\/3"}],"replies":[{"embeddable":true,"href":"https:\/\/muzeum.ostroleka.pl\/index.php?rest_route=%2Fwp%2Fv2%2Fcomments&post=17031"}],"version-history":[{"count":4,"href":"https:\/\/muzeum.ostroleka.pl\/index.php?rest_route=\/wp\/v2\/posts\/17031\/revisions"}],"predecessor-version":[{"id":17045,"href":"https:\/\/muzeum.ostroleka.pl\/index.php?rest_route=\/wp\/v2\/posts\/17031\/revisions\/17045"}],"wp:featuredmedia":[{"embeddable":true,"href":"https:\/\/muzeum.ostroleka.pl\/index.php?rest_route=\/wp\/v2\/media\/17032"}],"wp:attachment":[{"href":"https:\/\/muzeum.ostroleka.pl\/index.php?rest_route=%2Fwp%2Fv2%2Fmedia&parent=17031"}],"wp:term":[{"taxonomy":"category","embeddable":true,"href":"https:\/\/muzeum.ostroleka.pl\/index.php?rest_route=%2Fwp%2Fv2%2Fcategories&post=17031"},{"taxonomy":"post_tag","embeddable":true,"href":"https:\/\/muzeum.ostroleka.pl\/index.php?rest_route=%2Fwp%2Fv2%2Ftags&post=17031"}],"curies":[{"name":"wp","href":"https:\/\/api.w.org\/{rel}","templated":true}]}}