{"id":17068,"date":"2024-10-30T12:53:14","date_gmt":"2024-10-30T11:53:14","guid":{"rendered":"https:\/\/muzeum.ostroleka.pl\/?p=17068"},"modified":"2024-10-30T12:53:14","modified_gmt":"2024-10-30T11:53:14","slug":"oprowadzanie-kuratorskie-po-wystawie-sztuka-kurpiow","status":"publish","type":"post","link":"https:\/\/muzeum.ostroleka.pl\/?p=17068","title":{"rendered":"Oprowadzanie kuratorskie po wystawie \u201eSztuka Kurpi\u00f3w\u201d"},"content":{"rendered":"<p style=\"text-align: justify;\">Muzeum Kultury Kurpiowskiej w Ostro\u0142\u0119ce zaprasza na oprowadzanie kuratorskie po wystawie pokonkursowej \u201eSztuka Kurpi\u00f3w\u201d, kt\u00f3re odb\u0119dzie si\u0119 10 listopada 2024 r. o godz. 12.00 w budynku Muzeum przy Placu gen. J\u00f3zefa Bema 8.<\/p>\n<p style=\"text-align: justify;\">Wystawie towarzyszy bezp\u0142atny katalog.<\/p>\n<p style=\"text-align: justify;\">Wst\u0119p wolny.<\/p>\n<p style=\"text-align: justify;\">&nbsp;<\/p>\n<p>Zadanie pn. \ud835\ude12\ud835\ude30\ud835\ude2f\ud835\ude2c\ud835\ude36\ud835\ude33\ud835\ude34 \ud835\ude2c\ud835\ude36\ud835\ude33\ud835\ude31\ud835\ude2a\ud835\ude30\ud835\ude38\ud835\ude34\ud835\ude2c\ud835\ude2a\ud835\ude26\ud835\ude2b \ud835\ude34\ud835\ude3b\ud835\ude35\ud835\ude36\ud835\ude2c\ud835\ude2a \ud835\ude2d\ud835\ude36\ud835\ude25\ud835\ude30\ud835\ude38\ud835\ude26\ud835\ude2b \ud835\ude31\ud835\ude35. \u201e\ud835\ude1a\ud835\ude3b\ud835\ude35\ud835\ude36\ud835\ude2c\ud835\ude22 \ud835\ude12\ud835\ude36\ud835\ude33\ud835\ude31\ud835\ude2a\u00f3\ud835\ude38\u201d \ud835\ude38\ud835\ude33\ud835\ude22\ud835\ude3b \ud835\ude3b \ud835\ude38\ud835\ude3a\ud835\ude34\ud835\ude35\ud835\ude22\ud835\ude38\u0105 zosta\u0142o dofinansowane w ramach programu rz\u0105dowego \u201eKultura Ludowa i Tradycyjna\u201d ze \u015brodk\u00f3w finansowych Ministra Kultury i Dziedzictwa Narodowego pochodz\u0105cych z Funduszu Promocji Kultury oraz z bud\u017cetu Samorz\u0105du Wojew\u00f3dztwa Mazowieckiego.<\/p>\n","protected":false},"excerpt":{"rendered":"<p>Muzeum Kultury Kurpiowskiej w Ostro\u0142\u0119ce zaprasza na oprowadzanie kuratorskie po wystawie pokonkursowej \u201eSztuka Kurpi\u00f3w\u201d, kt\u00f3re odb\u0119dzie si\u0119 10 listopada 2024 r. o godz. 12.00 w budynku Muzeum przy Placu gen. J\u00f3zefa Bema 8. Wystawie towarzyszy bezp\u0142atny katalog. Wst\u0119p wolny. &nbsp; Zadanie pn. \ud835\ude12\ud835\ude30\ud835\ude2f\ud835\ude2c\ud835\ude36\ud835\ude33\ud835\ude34 \ud835\ude2c\ud835\ude36\ud835\ude33\ud835\ude31\ud835\ude2a\ud835\ude30\ud835\ude38\ud835\ude34\ud835\ude2c\ud835\ude2a\ud835\ude26\ud835\ude2b \ud835\ude34\ud835\ude3b\ud835\ude35\ud835\ude36\ud835\ude2c\ud835\ude2a \ud835\ude2d\ud835\ude36\ud835\ude25\ud835\ude30\ud835\ude38\ud835\ude26\ud835\ude2b \ud835\ude31\ud835\ude35. \u201e\ud835\ude1a\ud835\ude3b\ud835\ude35\ud835\ude36\ud835\ude2c\ud835\ude22 \ud835\ude12\ud835\ude36\ud835\ude33\ud835\ude31\ud835\ude2a\u00f3\ud835\ude38\u201d \ud835\ude38\ud835\ude33\ud835\ude22\ud835\ude3b \ud835\ude3b \ud835\ude38\ud835\ude3a\ud835\ude34\ud835\ude35\ud835\ude22\ud835\ude38\u0105 zosta\u0142o dofinansowane w [&hellip;]<\/p>\n","protected":false},"author":3,"featured_media":17070,"comment_status":"closed","ping_status":"closed","sticky":false,"template":"","format":"standard","meta":{"_acf_changed":false,"_lmt_disableupdate":"","_lmt_disable":"","_monsterinsights_skip_tracking":false,"_monsterinsights_sitenote_active":false,"_monsterinsights_sitenote_note":"","_monsterinsights_sitenote_category":0,"ngg_post_thumbnail":0,"footnotes":""},"categories":[3],"tags":[],"class_list":["post-17068","post","type-post","status-publish","format-standard","has-post-thumbnail","hentry","category-aktualnosci"],"acf":[],"modified_by":"Daniel Go\u0142a\u015b","_links":{"self":[{"href":"https:\/\/muzeum.ostroleka.pl\/index.php?rest_route=\/wp\/v2\/posts\/17068","targetHints":{"allow":["GET"]}}],"collection":[{"href":"https:\/\/muzeum.ostroleka.pl\/index.php?rest_route=\/wp\/v2\/posts"}],"about":[{"href":"https:\/\/muzeum.ostroleka.pl\/index.php?rest_route=\/wp\/v2\/types\/post"}],"author":[{"embeddable":true,"href":"https:\/\/muzeum.ostroleka.pl\/index.php?rest_route=\/wp\/v2\/users\/3"}],"replies":[{"embeddable":true,"href":"https:\/\/muzeum.ostroleka.pl\/index.php?rest_route=%2Fwp%2Fv2%2Fcomments&post=17068"}],"version-history":[{"count":1,"href":"https:\/\/muzeum.ostroleka.pl\/index.php?rest_route=\/wp\/v2\/posts\/17068\/revisions"}],"predecessor-version":[{"id":17069,"href":"https:\/\/muzeum.ostroleka.pl\/index.php?rest_route=\/wp\/v2\/posts\/17068\/revisions\/17069"}],"wp:featuredmedia":[{"embeddable":true,"href":"https:\/\/muzeum.ostroleka.pl\/index.php?rest_route=\/wp\/v2\/media\/17070"}],"wp:attachment":[{"href":"https:\/\/muzeum.ostroleka.pl\/index.php?rest_route=%2Fwp%2Fv2%2Fmedia&parent=17068"}],"wp:term":[{"taxonomy":"category","embeddable":true,"href":"https:\/\/muzeum.ostroleka.pl\/index.php?rest_route=%2Fwp%2Fv2%2Fcategories&post=17068"},{"taxonomy":"post_tag","embeddable":true,"href":"https:\/\/muzeum.ostroleka.pl\/index.php?rest_route=%2Fwp%2Fv2%2Ftags&post=17068"}],"curies":[{"name":"wp","href":"https:\/\/api.w.org\/{rel}","templated":true}]}}