{"id":17076,"date":"2024-10-31T12:16:17","date_gmt":"2024-10-31T11:16:17","guid":{"rendered":"https:\/\/muzeum.ostroleka.pl\/?p=17076"},"modified":"2024-10-31T12:16:17","modified_gmt":"2024-10-31T11:16:17","slug":"zaproszenie-na-konferencje-3","status":"publish","type":"post","link":"https:\/\/muzeum.ostroleka.pl\/?p=17076","title":{"rendered":"Zaproszenie na konferencj\u0119"},"content":{"rendered":"<p>&nbsp;<\/p>\n<p>&nbsp;<\/p>\n<p style=\"text-align: center;\">Prezes Ostro\u0142\u0119ckiego Towarzystwa Naukowego im. Adama Ch\u0119tnika<br \/>\noraz<br \/>\nDyrektor Muzeum Kultury Kurpiowskiej w Ostro\u0142\u0119ce<br \/>\nzapraszaj\u0105 na II konferencj\u0119 naukow\u0105<\/p>\n<p>&nbsp;<\/p>\n<p style=\"text-align: center;\">\n<span style=\"font-size: 24pt;\"><strong>Ostro\u0142\u0119ka na przestrzeni wiek\u00f3w<\/strong><\/span><\/p>\n<p>&nbsp;<\/p>\n<p style=\"text-align: center;\">\n8 listopada 2024 roku<br \/>\nw Muzeum Kultury Kurpiowskiej w Ostro\u0142\u0119ce<br \/>\nPlac gen. J\u00f3zefa Bema 8<\/p>\n<p>&nbsp;<\/p>\n<p style=\"text-align: left;\">Program konferencji:<br \/>\n\u2022 12.00 \u2013 powitanie go\u015bci,<br \/>\n\u2022 12.10\u201312.25 \u2013 <em>Ostro\u0142\u0119ka w dobie powstania ko\u015bciuszkowskiego<\/em> \u2013 dr Krzysztof Augustyniak,<br \/>\n\u2022 12.25\u201312.40 \u2013 <em>J\u00f3zef Bem w bitwie pod Ostro\u0142\u0119k\u0105 26 maja 1831 r.<\/em> \u2013 prof. dr hab. Norbert Kasparek,<br \/>\n\u2022 12.40\u201312.55 \u2013 <em>Dzieje Ostro\u0142\u0119ki w powstaniu styczniowym<\/em> \u2013 dr hab. Jan Mironczuk, prof. WSTS,<br \/>\n\u2022 12.55\u201313.10 \u2013 <em>I wojna \u015bwiatowa w Ostro\u0142\u0119ce<\/em> \u2013 dr Marek Niewiadomski,<br \/>\n\u2022 13.10\u201313.25 \u2013 <em>Zofia Niedzia\u0142kowska<\/em> \u2013 pierwsza badaczka dziej\u00f3w Ostro\u0142\u0119ki \u2013 dr Jerzy Kijowski,<br \/>\n\u2022 13.25\u201313.40 \u2013 <em>Ostro\u0142\u0119ccy duchowni katoliccy w dobie okupacji niemieckiej 1939\u20131944<\/em> \u2013 dr Ma\u0142gorzata Lubecka,<br \/>\n\u2022 13.40\u201313.55 \u2013 <em>Gestapo w Ostro\u0142\u0119ce w czasie II wojny \u015bwiatowej<\/em> \u2013 mgr Natalia Lenda,<br \/>\n\u2022 13.55\u201314.10 \u2013 dyskusja.<\/p>\n<p>&nbsp;<\/p>\n<p>&nbsp;<\/p>\n<p style=\"text-align: center;\">\nZadanie publiczne pn. \u201eII konferencja naukowa <em>Ostro\u0142\u0119ka na przestrzeni wiek\u00f3w<\/em>\u201d wsp\u00f3\u0142finansowane ze \u015brodk\u00f3w Miasta Ostro\u0142\u0119ki i Muzeum Kultury Kurpiowskiej<\/p>\n","protected":false},"excerpt":{"rendered":"<p>&nbsp; &nbsp; Prezes Ostro\u0142\u0119ckiego Towarzystwa Naukowego im. Adama Ch\u0119tnika oraz Dyrektor Muzeum Kultury Kurpiowskiej w Ostro\u0142\u0119ce zapraszaj\u0105 na II konferencj\u0119 naukow\u0105 &nbsp; Ostro\u0142\u0119ka na przestrzeni wiek\u00f3w &nbsp; 8 listopada 2024 roku w Muzeum Kultury Kurpiowskiej w Ostro\u0142\u0119ce Plac gen. J\u00f3zefa Bema 8 &nbsp; Program konferencji: \u2022 12.00 \u2013 powitanie go\u015bci, \u2022 12.10\u201312.25 \u2013 Ostro\u0142\u0119ka w [&hellip;]<\/p>\n","protected":false},"author":3,"featured_media":17075,"comment_status":"closed","ping_status":"closed","sticky":false,"template":"","format":"standard","meta":{"_acf_changed":false,"_lmt_disableupdate":"","_lmt_disable":"","_monsterinsights_skip_tracking":false,"_monsterinsights_sitenote_active":false,"_monsterinsights_sitenote_note":"","_monsterinsights_sitenote_category":0,"ngg_post_thumbnail":0,"footnotes":""},"categories":[3],"tags":[],"class_list":["post-17076","post","type-post","status-publish","format-standard","has-post-thumbnail","hentry","category-aktualnosci"],"acf":[],"modified_by":"Daniel Go\u0142a\u015b","_links":{"self":[{"href":"https:\/\/muzeum.ostroleka.pl\/index.php?rest_route=\/wp\/v2\/posts\/17076","targetHints":{"allow":["GET"]}}],"collection":[{"href":"https:\/\/muzeum.ostroleka.pl\/index.php?rest_route=\/wp\/v2\/posts"}],"about":[{"href":"https:\/\/muzeum.ostroleka.pl\/index.php?rest_route=\/wp\/v2\/types\/post"}],"author":[{"embeddable":true,"href":"https:\/\/muzeum.ostroleka.pl\/index.php?rest_route=\/wp\/v2\/users\/3"}],"replies":[{"embeddable":true,"href":"https:\/\/muzeum.ostroleka.pl\/index.php?rest_route=%2Fwp%2Fv2%2Fcomments&post=17076"}],"version-history":[{"count":5,"href":"https:\/\/muzeum.ostroleka.pl\/index.php?rest_route=\/wp\/v2\/posts\/17076\/revisions"}],"predecessor-version":[{"id":17081,"href":"https:\/\/muzeum.ostroleka.pl\/index.php?rest_route=\/wp\/v2\/posts\/17076\/revisions\/17081"}],"wp:featuredmedia":[{"embeddable":true,"href":"https:\/\/muzeum.ostroleka.pl\/index.php?rest_route=\/wp\/v2\/media\/17075"}],"wp:attachment":[{"href":"https:\/\/muzeum.ostroleka.pl\/index.php?rest_route=%2Fwp%2Fv2%2Fmedia&parent=17076"}],"wp:term":[{"taxonomy":"category","embeddable":true,"href":"https:\/\/muzeum.ostroleka.pl\/index.php?rest_route=%2Fwp%2Fv2%2Fcategories&post=17076"},{"taxonomy":"post_tag","embeddable":true,"href":"https:\/\/muzeum.ostroleka.pl\/index.php?rest_route=%2Fwp%2Fv2%2Ftags&post=17076"}],"curies":[{"name":"wp","href":"https:\/\/api.w.org\/{rel}","templated":true}]}}