{"id":17083,"date":"2024-10-31T12:22:21","date_gmt":"2024-10-31T11:22:21","guid":{"rendered":"https:\/\/muzeum.ostroleka.pl\/?p=17083"},"modified":"2024-10-31T14:19:50","modified_gmt":"2024-10-31T13:19:50","slug":"zapraszamy-do-udzialu-w-warsztatach-barwy-niepodleglej","status":"publish","type":"post","link":"https:\/\/muzeum.ostroleka.pl\/?p=17083","title":{"rendered":"Zapraszamy do udzia\u0142u w warsztatach \u201eBarwy Niepodleg\u0142ej\u201d"},"content":{"rendered":"<div class=\"xdj266r x11i5rnm xat24cr x1mh8g0r x1vvkbs x126k92a\">\n<div dir=\"auto\" style=\"text-align: justify;\">W ramach obchod\u00f3w Narodowego \u015awi\u0119ta Niepodleg\u0142o\u015bci zapraszamy dzieci i doros\u0142ych na warsztaty patriotyczne \u201eBarwy Niepodleg\u0142ej\u201d, kt\u00f3re odb\u0119d\u0105 si\u0119 w 11 listopada 2024 r. (poniedzia\u0142ek) w godz. 10.00\u201314.00.<\/div>\n<\/div>\n<div class=\"x11i5rnm xat24cr x1mh8g0r x1vvkbs xtlvy1s x126k92a\" style=\"text-align: justify;\">\n<div dir=\"auto\">B\u0119dziemy wykonywa\u0107 bia\u0142o-czerwone ozdoby, flagi, maki z bibu\u0142y, kokardy narodowe, misie z filcu, nauczymy si\u0119 \u015bpiewa\u0107 hymn (wsp\u00f3lnie od\u015bpiewamy go o godzinie 12.00), u\u0142o\u017cymy puzzle i rozwi\u0105\u017cemy patriotyczne karty edukacyjne. Wsp\u00f3lnie zagramy w gr\u0119 patriotyczn\u0105 \u201eDroga do niepodleg\u0142o\u015bci\u201d. Dla lubi\u0105cych s\u0142odycze, jak zawsze mamy bia\u0142o-czerwone co nieco.<\/div>\n<\/div>\n<div class=\"x11i5rnm xat24cr x1mh8g0r x1vvkbs xtlvy1s x126k92a\">\n<div dir=\"auto\">&nbsp;<\/div>\n<div dir=\"auto\" style=\"text-align: justify;\">Tego samego dnia o godzinie 17.00 zapraszamy r\u00f3wnie\u017c na Wsp\u00f3lne \u015apiewanie Patriotyczne \u201eIdziemy do Polski, wracamy do domu\u2026\u201d.<\/div>\n<\/div>\n<div class=\"x11i5rnm xat24cr x1mh8g0r x1vvkbs xtlvy1s x126k92a\">\n<div dir=\"auto\">&nbsp;<\/div>\n<div dir=\"auto\">Cena uczestnictwa w warsztatach: 15 z\u0142 od osoby.<\/div>\n<div dir=\"auto\">Miejsce: Muzeum Kultury Kurpiowskiej w Ostro\u0142\u0119ce przy Placu gen. J\u00f3zefa Bema 8.<\/div>\n<\/div>\n<div class=\"x11i5rnm xat24cr x1mh8g0r x1vvkbs xtlvy1s x126k92a\">\n<div dir=\"auto\">&nbsp;<\/div>\n<div dir=\"auto\">Na to wydarzenie <span style=\"text-decoration: underline;\">nie s\u0105 wymagane<\/span> zapisy.<\/div>\n<\/div>\n<div class=\"x11i5rnm xat24cr x1mh8g0r x1vvkbs xtlvy1s x126k92a\">\n<div dir=\"auto\">&nbsp;<\/div>\n<div dir=\"auto\">Serdecznie zapraszamy!<\/div>\n<\/div>\n","protected":false},"excerpt":{"rendered":"<p>W ramach obchod\u00f3w Narodowego \u015awi\u0119ta Niepodleg\u0142o\u015bci zapraszamy dzieci i doros\u0142ych na warsztaty patriotyczne \u201eBarwy Niepodleg\u0142ej\u201d, kt\u00f3re odb\u0119d\u0105 si\u0119 w 11 listopada 2024 r. (poniedzia\u0142ek) w godz. 10.00\u201314.00. B\u0119dziemy wykonywa\u0107 bia\u0142o-czerwone ozdoby, flagi, maki z bibu\u0142y, kokardy narodowe, misie z filcu, nauczymy si\u0119 \u015bpiewa\u0107 hymn (wsp\u00f3lnie od\u015bpiewamy go o godzinie 12.00), u\u0142o\u017cymy puzzle i rozwi\u0105\u017cemy patriotyczne [&hellip;]<\/p>\n","protected":false},"author":3,"featured_media":17073,"comment_status":"closed","ping_status":"closed","sticky":false,"template":"","format":"standard","meta":{"_acf_changed":false,"_lmt_disableupdate":"no","_lmt_disable":"no","_monsterinsights_skip_tracking":false,"_monsterinsights_sitenote_active":false,"_monsterinsights_sitenote_note":"","_monsterinsights_sitenote_category":0,"ngg_post_thumbnail":0,"footnotes":""},"categories":[3],"tags":[],"class_list":["post-17083","post","type-post","status-publish","format-standard","has-post-thumbnail","hentry","category-aktualnosci"],"acf":[],"modified_by":"Daniel Go\u0142a\u015b","_links":{"self":[{"href":"https:\/\/muzeum.ostroleka.pl\/index.php?rest_route=\/wp\/v2\/posts\/17083","targetHints":{"allow":["GET"]}}],"collection":[{"href":"https:\/\/muzeum.ostroleka.pl\/index.php?rest_route=\/wp\/v2\/posts"}],"about":[{"href":"https:\/\/muzeum.ostroleka.pl\/index.php?rest_route=\/wp\/v2\/types\/post"}],"author":[{"embeddable":true,"href":"https:\/\/muzeum.ostroleka.pl\/index.php?rest_route=\/wp\/v2\/users\/3"}],"replies":[{"embeddable":true,"href":"https:\/\/muzeum.ostroleka.pl\/index.php?rest_route=%2Fwp%2Fv2%2Fcomments&post=17083"}],"version-history":[{"count":2,"href":"https:\/\/muzeum.ostroleka.pl\/index.php?rest_route=\/wp\/v2\/posts\/17083\/revisions"}],"predecessor-version":[{"id":17091,"href":"https:\/\/muzeum.ostroleka.pl\/index.php?rest_route=\/wp\/v2\/posts\/17083\/revisions\/17091"}],"wp:featuredmedia":[{"embeddable":true,"href":"https:\/\/muzeum.ostroleka.pl\/index.php?rest_route=\/wp\/v2\/media\/17073"}],"wp:attachment":[{"href":"https:\/\/muzeum.ostroleka.pl\/index.php?rest_route=%2Fwp%2Fv2%2Fmedia&parent=17083"}],"wp:term":[{"taxonomy":"category","embeddable":true,"href":"https:\/\/muzeum.ostroleka.pl\/index.php?rest_route=%2Fwp%2Fv2%2Fcategories&post=17083"},{"taxonomy":"post_tag","embeddable":true,"href":"https:\/\/muzeum.ostroleka.pl\/index.php?rest_route=%2Fwp%2Fv2%2Ftags&post=17083"}],"curies":[{"name":"wp","href":"https:\/\/api.w.org\/{rel}","templated":true}]}}