{"id":17085,"date":"2024-10-31T14:32:10","date_gmt":"2024-10-31T13:32:10","guid":{"rendered":"https:\/\/muzeum.ostroleka.pl\/?p=17085"},"modified":"2024-10-31T14:33:00","modified_gmt":"2024-10-31T13:33:00","slug":"godziny-pracy-muzeum-w-dniu-1-listopada-2024-r","status":"publish","type":"post","link":"https:\/\/muzeum.ostroleka.pl\/?p=17085","title":{"rendered":"Godziny pracy Muzeum w dniu 1 listopada 2024 r."},"content":{"rendered":"<p>&nbsp;<\/p>\n<p style=\"text-align: center;\"><span style=\"font-size: 14pt;\">Uprzejmie informujemy, \u017ce 1 listopada 2024 r. Muzeum Kultury Kurpiowskiej przy pl. Bema 8 oraz Pomnik Mauzoleum przy ul. Warszawskiej 2A w Ostro\u0142\u0119ce b\u0119d\u0105 nieczynne dla zwiedzaj\u0105cych.<\/span><\/p>\n<p style=\"text-align: center;\"><span style=\"font-size: 14pt;\">W tym dniu (w godz. 10.00-15.00) b\u0119dzie jednak mo\u017cliwo\u015b\u0107 wej\u015bcia do krypty w Pomniku Mauzoleum w celu zapalenia znicza i oddania ho\u0142du poleg\u0142ym w bitwie pod Ostro\u0142\u0119k\u0105.<\/span><\/p>\n","protected":false},"excerpt":{"rendered":"<p>&nbsp; Uprzejmie informujemy, \u017ce 1 listopada 2024 r. Muzeum Kultury Kurpiowskiej przy pl. Bema 8 oraz Pomnik Mauzoleum przy ul. Warszawskiej 2A w Ostro\u0142\u0119ce b\u0119d\u0105 nieczynne dla zwiedzaj\u0105cych. W tym dniu (w godz. 10.00-15.00) b\u0119dzie jednak mo\u017cliwo\u015b\u0107 wej\u015bcia do krypty w Pomniku Mauzoleum w celu zapalenia znicza i oddania ho\u0142du poleg\u0142ym w bitwie pod Ostro\u0142\u0119k\u0105.<\/p>\n","protected":false},"author":3,"featured_media":17086,"comment_status":"closed","ping_status":"closed","sticky":false,"template":"","format":"standard","meta":{"_acf_changed":false,"_lmt_disableupdate":"no","_lmt_disable":"no","_monsterinsights_skip_tracking":false,"_monsterinsights_sitenote_active":false,"_monsterinsights_sitenote_note":"","_monsterinsights_sitenote_category":0,"ngg_post_thumbnail":0,"footnotes":""},"categories":[3],"tags":[],"class_list":["post-17085","post","type-post","status-publish","format-standard","has-post-thumbnail","hentry","category-aktualnosci"],"acf":[],"modified_by":"Daniel Go\u0142a\u015b","_links":{"self":[{"href":"https:\/\/muzeum.ostroleka.pl\/index.php?rest_route=\/wp\/v2\/posts\/17085","targetHints":{"allow":["GET"]}}],"collection":[{"href":"https:\/\/muzeum.ostroleka.pl\/index.php?rest_route=\/wp\/v2\/posts"}],"about":[{"href":"https:\/\/muzeum.ostroleka.pl\/index.php?rest_route=\/wp\/v2\/types\/post"}],"author":[{"embeddable":true,"href":"https:\/\/muzeum.ostroleka.pl\/index.php?rest_route=\/wp\/v2\/users\/3"}],"replies":[{"embeddable":true,"href":"https:\/\/muzeum.ostroleka.pl\/index.php?rest_route=%2Fwp%2Fv2%2Fcomments&post=17085"}],"version-history":[{"count":4,"href":"https:\/\/muzeum.ostroleka.pl\/index.php?rest_route=\/wp\/v2\/posts\/17085\/revisions"}],"predecessor-version":[{"id":17090,"href":"https:\/\/muzeum.ostroleka.pl\/index.php?rest_route=\/wp\/v2\/posts\/17085\/revisions\/17090"}],"wp:featuredmedia":[{"embeddable":true,"href":"https:\/\/muzeum.ostroleka.pl\/index.php?rest_route=\/wp\/v2\/media\/17086"}],"wp:attachment":[{"href":"https:\/\/muzeum.ostroleka.pl\/index.php?rest_route=%2Fwp%2Fv2%2Fmedia&parent=17085"}],"wp:term":[{"taxonomy":"category","embeddable":true,"href":"https:\/\/muzeum.ostroleka.pl\/index.php?rest_route=%2Fwp%2Fv2%2Fcategories&post=17085"},{"taxonomy":"post_tag","embeddable":true,"href":"https:\/\/muzeum.ostroleka.pl\/index.php?rest_route=%2Fwp%2Fv2%2Ftags&post=17085"}],"curies":[{"name":"wp","href":"https:\/\/api.w.org\/{rel}","templated":true}]}}