{"id":17092,"date":"2024-10-31T14:31:40","date_gmt":"2024-10-31T13:31:40","guid":{"rendered":"https:\/\/muzeum.ostroleka.pl\/?p=17092"},"modified":"2024-10-31T14:31:40","modified_gmt":"2024-10-31T13:31:40","slug":"xvii-wspolne-spiewane-patriotyczne-idziemy-do-polski-wracamy-do-domu","status":"publish","type":"post","link":"https:\/\/muzeum.ostroleka.pl\/?p=17092","title":{"rendered":"XVII Wsp\u00f3lne \u015apiewane Patriotyczne \u201eIdziemy do Polski, wracamy do domu\u2026\u201d"},"content":{"rendered":"<p style=\"text-align: justify;\">W ramach obchod\u00f3w Narodowego \u015awi\u0119ta Niepodleg\u0142o\u015bci zapraszamy do udzia\u0142u w XVII Wsp\u00f3lnym \u015apiewaniu Patriotycznym \u201eIdziemy do Polski, wracamy do domu\u2026\u201d. Koncert odb\u0119dzie si\u0119 11 listopada 2024 r. (poniedzia\u0142ek) o godz. 17.00.<\/p>\n<p style=\"text-align: justify;\">W trakcie koncertu zabrzmi\u0105 patriotyczne pie\u015bni hymniczne, legionowe, powsta\u0144cze, \u017co\u0142nierskie, kt\u00f3re wykonamy razem z lokalnymi artystami, harcerzami, ch\u00f3rem \u201eO! La La!\u201d oraz muzykami z Warszawy pod kierownictwem Roberta Lipki.<\/p>\n<p style=\"text-align: justify;\">W tym dniu spotkajmy si\u0119 w Muzeum Kultury Kurpiowskiej i wsp\u00f3lnym \u015bpiewem uczcijmy Narodowe \u015awi\u0119to Niepodleg\u0142o\u015bci.<br \/>\nKoncert dedykowany jest \u017bo\u0142nierzom Tu\u0142aczom w 80. rocznic\u0119 bitwy pod Monte Cassino.<\/p>\n<p style=\"text-align: justify;\">\nWydarzenie odb\u0119dzie si\u0119 na dziedzi\u0144cu Muzeum Kultury Kurpiowskiej w Ostro\u0142\u0119ce przy Placu gen. J\u00f3zefa Bema 8.<\/p>\n<p style=\"text-align: justify;\">Wst\u0119p wolny.<\/p>\n","protected":false},"excerpt":{"rendered":"<p>W ramach obchod\u00f3w Narodowego \u015awi\u0119ta Niepodleg\u0142o\u015bci zapraszamy do udzia\u0142u w XVII Wsp\u00f3lnym \u015apiewaniu Patriotycznym \u201eIdziemy do Polski, wracamy do domu\u2026\u201d. Koncert odb\u0119dzie si\u0119 11 listopada 2024 r. (poniedzia\u0142ek) o godz. 17.00. W trakcie koncertu zabrzmi\u0105 patriotyczne pie\u015bni hymniczne, legionowe, powsta\u0144cze, \u017co\u0142nierskie, kt\u00f3re wykonamy razem z lokalnymi artystami, harcerzami, ch\u00f3rem \u201eO! La La!\u201d oraz muzykami z [&hellip;]<\/p>\n","protected":false},"author":3,"featured_media":17072,"comment_status":"closed","ping_status":"closed","sticky":false,"template":"","format":"standard","meta":{"_acf_changed":false,"_lmt_disableupdate":"","_lmt_disable":"","_monsterinsights_skip_tracking":false,"_monsterinsights_sitenote_active":false,"_monsterinsights_sitenote_note":"","_monsterinsights_sitenote_category":0,"ngg_post_thumbnail":0,"footnotes":""},"categories":[3],"tags":[],"class_list":["post-17092","post","type-post","status-publish","format-standard","has-post-thumbnail","hentry","category-aktualnosci"],"acf":[],"modified_by":"Daniel Go\u0142a\u015b","_links":{"self":[{"href":"https:\/\/muzeum.ostroleka.pl\/index.php?rest_route=\/wp\/v2\/posts\/17092","targetHints":{"allow":["GET"]}}],"collection":[{"href":"https:\/\/muzeum.ostroleka.pl\/index.php?rest_route=\/wp\/v2\/posts"}],"about":[{"href":"https:\/\/muzeum.ostroleka.pl\/index.php?rest_route=\/wp\/v2\/types\/post"}],"author":[{"embeddable":true,"href":"https:\/\/muzeum.ostroleka.pl\/index.php?rest_route=\/wp\/v2\/users\/3"}],"replies":[{"embeddable":true,"href":"https:\/\/muzeum.ostroleka.pl\/index.php?rest_route=%2Fwp%2Fv2%2Fcomments&post=17092"}],"version-history":[{"count":1,"href":"https:\/\/muzeum.ostroleka.pl\/index.php?rest_route=\/wp\/v2\/posts\/17092\/revisions"}],"predecessor-version":[{"id":17093,"href":"https:\/\/muzeum.ostroleka.pl\/index.php?rest_route=\/wp\/v2\/posts\/17092\/revisions\/17093"}],"wp:featuredmedia":[{"embeddable":true,"href":"https:\/\/muzeum.ostroleka.pl\/index.php?rest_route=\/wp\/v2\/media\/17072"}],"wp:attachment":[{"href":"https:\/\/muzeum.ostroleka.pl\/index.php?rest_route=%2Fwp%2Fv2%2Fmedia&parent=17092"}],"wp:term":[{"taxonomy":"category","embeddable":true,"href":"https:\/\/muzeum.ostroleka.pl\/index.php?rest_route=%2Fwp%2Fv2%2Fcategories&post=17092"},{"taxonomy":"post_tag","embeddable":true,"href":"https:\/\/muzeum.ostroleka.pl\/index.php?rest_route=%2Fwp%2Fv2%2Ftags&post=17092"}],"curies":[{"name":"wp","href":"https:\/\/api.w.org\/{rel}","templated":true}]}}