{"id":17100,"date":"2024-11-18T09:43:48","date_gmt":"2024-11-18T08:43:48","guid":{"rendered":"https:\/\/muzeum.ostroleka.pl\/?p=17100"},"modified":"2024-11-18T09:43:48","modified_gmt":"2024-11-18T08:43:48","slug":"zapraszamy-na-niedziele-w-muzeum-2","status":"publish","type":"post","link":"https:\/\/muzeum.ostroleka.pl\/?p=17100","title":{"rendered":"Zapraszamy na \u201eNiedziel\u0119 w Muzeum\u201d"},"content":{"rendered":"<p style=\"text-align: justify;\">Serdecznie zapraszamy do udzia\u0142u w rodzinnym spotkaniu tw\u00f3rczym \u201eNiedziela w Muzeum\u201d, podczas kt\u00f3rego wsp\u00f3lnie z naszymi go\u015b\u0107mi stworzymy pi\u0119kne wianki adwentowe! To wspania\u0142a okazja, by w mi\u0142ej, tw\u00f3rczej atmosferze sp\u0119dzi\u0107 czas z bliskimi, rozwija\u0107 kreatywno\u015b\u0107 i manualne umiej\u0119tno\u015bci. Do\u0142\u0105czcie do nas, a razem stworzymy niepowtarzalne ozdoby, kt\u00f3re wprowadz\u0105 do naszych dom\u00f3w adwentowego ducha i zab\u0142ysn\u0105 \u015bwi\u0105tecznym blaskiem.<\/p>\n<p style=\"text-align: justify;\">\ud83d\udd38 Termin: 24 listopada 2024 r. o godzinie 11.00.<br \/>\n\ud83d\udd38 Miejsce: Muzeum Kultury Kurpiowskiej przy Placu gen. J\u00f3zefa Bema 8 w Ostro\u0142\u0119ce.<br \/>\n\ud83d\udd38 Op\u0142ata: 15 z\u0142 od osoby.<\/p>\n<p style=\"text-align: justify;\">Aby\u015bmy mogli zapewni\u0107 dla ka\u017cdego wszelkie potrzebne materia\u0142y, prosimy o wcze\u015bniejsze zapisy. Zapraszamy do rezerwowania miejsc pod numerem telefonu 29 764 54 43 wew. 43.<\/p>\n","protected":false},"excerpt":{"rendered":"<p>Serdecznie zapraszamy do udzia\u0142u w rodzinnym spotkaniu tw\u00f3rczym \u201eNiedziela w Muzeum\u201d, podczas kt\u00f3rego wsp\u00f3lnie z naszymi go\u015b\u0107mi stworzymy pi\u0119kne wianki adwentowe! To wspania\u0142a okazja, by w mi\u0142ej, tw\u00f3rczej atmosferze sp\u0119dzi\u0107 czas z bliskimi, rozwija\u0107 kreatywno\u015b\u0107 i manualne umiej\u0119tno\u015bci. Do\u0142\u0105czcie do nas, a razem stworzymy niepowtarzalne ozdoby, kt\u00f3re wprowadz\u0105 do naszych dom\u00f3w adwentowego ducha i zab\u0142ysn\u0105 [&hellip;]<\/p>\n","protected":false},"author":3,"featured_media":17101,"comment_status":"closed","ping_status":"closed","sticky":false,"template":"","format":"standard","meta":{"_acf_changed":false,"_lmt_disableupdate":"","_lmt_disable":"","_monsterinsights_skip_tracking":false,"_monsterinsights_sitenote_active":false,"_monsterinsights_sitenote_note":"","_monsterinsights_sitenote_category":0,"ngg_post_thumbnail":0,"footnotes":""},"categories":[3],"tags":[],"class_list":["post-17100","post","type-post","status-publish","format-standard","has-post-thumbnail","hentry","category-aktualnosci"],"acf":[],"modified_by":"Daniel Go\u0142a\u015b","_links":{"self":[{"href":"https:\/\/muzeum.ostroleka.pl\/index.php?rest_route=\/wp\/v2\/posts\/17100","targetHints":{"allow":["GET"]}}],"collection":[{"href":"https:\/\/muzeum.ostroleka.pl\/index.php?rest_route=\/wp\/v2\/posts"}],"about":[{"href":"https:\/\/muzeum.ostroleka.pl\/index.php?rest_route=\/wp\/v2\/types\/post"}],"author":[{"embeddable":true,"href":"https:\/\/muzeum.ostroleka.pl\/index.php?rest_route=\/wp\/v2\/users\/3"}],"replies":[{"embeddable":true,"href":"https:\/\/muzeum.ostroleka.pl\/index.php?rest_route=%2Fwp%2Fv2%2Fcomments&post=17100"}],"version-history":[{"count":1,"href":"https:\/\/muzeum.ostroleka.pl\/index.php?rest_route=\/wp\/v2\/posts\/17100\/revisions"}],"predecessor-version":[{"id":17102,"href":"https:\/\/muzeum.ostroleka.pl\/index.php?rest_route=\/wp\/v2\/posts\/17100\/revisions\/17102"}],"wp:featuredmedia":[{"embeddable":true,"href":"https:\/\/muzeum.ostroleka.pl\/index.php?rest_route=\/wp\/v2\/media\/17101"}],"wp:attachment":[{"href":"https:\/\/muzeum.ostroleka.pl\/index.php?rest_route=%2Fwp%2Fv2%2Fmedia&parent=17100"}],"wp:term":[{"taxonomy":"category","embeddable":true,"href":"https:\/\/muzeum.ostroleka.pl\/index.php?rest_route=%2Fwp%2Fv2%2Fcategories&post=17100"},{"taxonomy":"post_tag","embeddable":true,"href":"https:\/\/muzeum.ostroleka.pl\/index.php?rest_route=%2Fwp%2Fv2%2Ftags&post=17100"}],"curies":[{"name":"wp","href":"https:\/\/api.w.org\/{rel}","templated":true}]}}