{"id":17103,"date":"2024-11-12T09:46:46","date_gmt":"2024-11-12T08:46:46","guid":{"rendered":"https:\/\/muzeum.ostroleka.pl\/?p=17103"},"modified":"2024-11-18T09:59:36","modified_gmt":"2024-11-18T08:59:36","slug":"wspolnie-spiewalismy-dla-naszej-niepodleglej","status":"publish","type":"post","link":"https:\/\/muzeum.ostroleka.pl\/?p=17103","title":{"rendered":"Wsp\u00f3lnie \u015bpiewali\u015bmy dla Niepodleg\u0142ej!"},"content":{"rendered":"<p style=\"text-align: justify;\">W ramach obchod\u00f3w Narodowego \u015awi\u0119ta Niepodleg\u0142o\u015bci zaprosili\u015bmy go\u015bci na XVII Wsp\u00f3lne \u015apiewanie Patriotyczne. Koncert zatytu\u0142owany \u201eIdziemy do Polski, wracamy do domu\u2026\u201d zadedykowali\u015bmy \u017bo\u0142nierzom Tu\u0142aczom w 80. rocznic\u0119 bitwy pod Monte Cassino. W trakcie wydarzenia zabrzmia\u0142y patriotyczne pie\u015bni hymniczne, legionowe, powsta\u0144cze, \u017co\u0142nierskie, kt\u00f3re \u015bpiewali\u015bmy wsp\u00f3lne z naszymi go\u015b\u0107mi.<\/p>\n<p>Na scenie wyst\u0105pili:<br \/>\n\u25aa\ufe0f Agnieszka Drabot,<br \/>\n\u25aa\ufe0f Magda Szczepankowska,<br \/>\n\u25aa\ufe0f Julia Krupi\u0144ska z 14 Ostro\u0142\u0119ckiej Dru\u017cyny Harcerskiej ZHP \u201eSpirydion\u201d,<br \/>\n\u25aa\ufe0f Wojciech Dudkowski,<br \/>\n\u25aa\ufe0f Mariusz Marchewka,<br \/>\n\u25aa\ufe0f Tomasz Samsel,<br \/>\n\u25aa\ufe0f Ch\u00f3r \u201eO! La La!\u201d,<br \/>\n\u25aa\ufe0f Zuchy z 2 Ostro\u0142\u0119cka Gromada Zuchowa &#8222;Szare Wilczki&#8221; pod opiek\u0105 druhny dru\u017cynowej Gabrieli Laskowskiej i druhny przybocznej Anety Kosek.<\/p>\n<p>Zesp\u00f3\u0142 towarzysz\u0105cy wykonawcom:<br \/>\n\u25aa\ufe0f Ma\u0142gorzata Szarlik-Wo\u017aniak \u2013 skrzypce,<br \/>\n\u25aa\ufe0f Damian Marat \u2013 tr\u0105bka,<br \/>\n\u25aa\ufe0f Micha\u0142 Wo\u017aniak \u2013 kontrabas,<br \/>\n\u25aa\ufe0f Robert Siwak \u2013 instrumenty perkusyjne,<br \/>\n\u25aa\ufe0f Robert Lipka \u2013 wokal, akordeon.<\/p>\n<p>Serdecznie dzi\u0119kujemy wszystkim za udzia\u0142 w tym wspania\u0142ym wydarzeniu. Do zobaczenia za rok!<\/p>\n<p>&nbsp;<\/p>\nngg_shortcode_0_placeholder\n","protected":false},"excerpt":{"rendered":"<p>W ramach obchod\u00f3w Narodowego \u015awi\u0119ta Niepodleg\u0142o\u015bci zaprosili\u015bmy go\u015bci na XVII Wsp\u00f3lne \u015apiewanie Patriotyczne. Koncert zatytu\u0142owany \u201eIdziemy do Polski, wracamy do domu\u2026\u201d zadedykowali\u015bmy \u017bo\u0142nierzom Tu\u0142aczom w 80. rocznic\u0119 bitwy pod Monte Cassino. W trakcie wydarzenia zabrzmia\u0142y patriotyczne pie\u015bni hymniczne, legionowe, powsta\u0144cze, \u017co\u0142nierskie, kt\u00f3re \u015bpiewali\u015bmy wsp\u00f3lne z naszymi go\u015b\u0107mi. Na scenie wyst\u0105pili: \u25aa\ufe0f Agnieszka Drabot, \u25aa\ufe0f Magda [&hellip;]<\/p>\n","protected":false},"author":3,"featured_media":17105,"comment_status":"closed","ping_status":"closed","sticky":false,"template":"","format":"standard","meta":{"_acf_changed":false,"_lmt_disableupdate":"no","_lmt_disable":"no","_monsterinsights_skip_tracking":false,"_monsterinsights_sitenote_active":false,"_monsterinsights_sitenote_note":"","_monsterinsights_sitenote_category":0,"ngg_post_thumbnail":0,"footnotes":""},"categories":[3],"tags":[],"class_list":["post-17103","post","type-post","status-publish","format-standard","has-post-thumbnail","hentry","category-aktualnosci"],"acf":[],"modified_by":"Daniel Go\u0142a\u015b","_links":{"self":[{"href":"https:\/\/muzeum.ostroleka.pl\/index.php?rest_route=\/wp\/v2\/posts\/17103","targetHints":{"allow":["GET"]}}],"collection":[{"href":"https:\/\/muzeum.ostroleka.pl\/index.php?rest_route=\/wp\/v2\/posts"}],"about":[{"href":"https:\/\/muzeum.ostroleka.pl\/index.php?rest_route=\/wp\/v2\/types\/post"}],"author":[{"embeddable":true,"href":"https:\/\/muzeum.ostroleka.pl\/index.php?rest_route=\/wp\/v2\/users\/3"}],"replies":[{"embeddable":true,"href":"https:\/\/muzeum.ostroleka.pl\/index.php?rest_route=%2Fwp%2Fv2%2Fcomments&post=17103"}],"version-history":[{"count":4,"href":"https:\/\/muzeum.ostroleka.pl\/index.php?rest_route=\/wp\/v2\/posts\/17103\/revisions"}],"predecessor-version":[{"id":17122,"href":"https:\/\/muzeum.ostroleka.pl\/index.php?rest_route=\/wp\/v2\/posts\/17103\/revisions\/17122"}],"wp:featuredmedia":[{"embeddable":true,"href":"https:\/\/muzeum.ostroleka.pl\/index.php?rest_route=\/wp\/v2\/media\/17105"}],"wp:attachment":[{"href":"https:\/\/muzeum.ostroleka.pl\/index.php?rest_route=%2Fwp%2Fv2%2Fmedia&parent=17103"}],"wp:term":[{"taxonomy":"category","embeddable":true,"href":"https:\/\/muzeum.ostroleka.pl\/index.php?rest_route=%2Fwp%2Fv2%2Fcategories&post=17103"},{"taxonomy":"post_tag","embeddable":true,"href":"https:\/\/muzeum.ostroleka.pl\/index.php?rest_route=%2Fwp%2Fv2%2Ftags&post=17103"}],"curies":[{"name":"wp","href":"https:\/\/api.w.org\/{rel}","templated":true}]}}