{"id":17269,"date":"2024-07-08T11:27:33","date_gmt":"2024-07-08T10:27:33","guid":{"rendered":"https:\/\/muzeum.ostroleka.pl\/?p=17269"},"modified":"2025-01-13T10:29:49","modified_gmt":"2025-01-13T09:29:49","slug":"zdjecia-kurpiowskich-wycinanek-z-krakowskiego-muzeum-znajda-sie-w-albumie","status":"publish","type":"post","link":"https:\/\/muzeum.ostroleka.pl\/?p=17269","title":{"rendered":"Zdj\u0119cia kurpiowskich wycinanek z krakowskiego muzeum znajd\u0105 si\u0119 w albumie"},"content":{"rendered":"<p>Pracownicy Muzeum Kultury Kurpiowskiej w Ostro\u0142\u0119ce odwiedzili na pocz\u0105tku lipca Muzeum Etnograficzne w Krakowie, gdzie zapoznali si\u0119 z cenn\u0105 kolekcj\u0105 starych kurpiowskich wycinanek.<\/p>\n<p>Jak pisze Pani Maria Samsel w jednym z tekst\u00f3w do albumu: <em>W 1901 roku za spraw\u0105 malarza Leonarda Strojnowskiego nast\u0105pi\u0142 prze\u0142om w popularyzacji wycinanki w \u015brodowiskach mi\u0142o\u015bnik\u00f3w sztuki, kt\u00f3ry przyczyni\u0142 si\u0119 do zwr\u00f3cenia uwagi na jej niezaprzeczalne walory artystyczne. Artysta, maluj\u0105c obrazy w miejscowo\u015bci Z\u0142ak\u00f3w Ko\u015bcielny ko\u0142o \u0141owicza, zebra\u0142 w okolicy kolekcj\u0119 wycinanek, a nast\u0119pnie przywi\u00f3z\u0142 do Krakowa, gdzie udost\u0119pni\u0142 Towarzystwu Polska Sztuka Stosowana. Cz\u0142onkowie Towarzystwa \u015bwiadomi warto\u015bci tej unikalnej dziedziny zorganizowali akcj\u0119 zbierania wycinanek na ziemiach polskich, tak\u017ce zaboru rosyjskiego. Rezultatem by\u0142 zbi\u00f3r wycinanek kurpiowskich z Puszczy Bia\u0142ej i Zielonej, kt\u00f3ry trafi\u0142 do Krakowa w 1903 roku i zachowa\u0142 si\u0119 do tej pory w bogatej kolekcji Muzeum Etnograficznego im. Seweryna Udzieli w Krakowie. Wycinanki trafi\u0142y do Muzeum w 1967 roku jako przekaz Akademii Sztuk Pi\u0119knych w ilo\u015bci oko\u0142o dwustu obiekt\u00f3w12. Zosta\u0142y zebrane w latach 1902\u20131903 przez cz\u0142onk\u00f3w korespondent\u00f3w Towarzystwa Polska Sztuka Stosowana, kt\u00f3rego jednym z za\u0142o\u017cycieli by\u0142 Jerzy Warcha\u0142owski. Na Kurpiach wycinanki dla Towarzystwa zbierali: Maria Dynowska (Warszawa), Helena Nossarzewska, Stefania Somer (Warszawa) i Jerzy Warcha\u0142owski (Krak\u00f3w). Na szczeg\u00f3ln\u0105 uwag\u0119 zas\u0142uguj\u0105 obiekty zebrane przez Helen\u0119 Nossarzewsk\u0105, wykonane przez Franciszk\u0119 D\u0105bkowsk\u0105 z Wykrotu, z bia\u0142ej bibu\u0142y i wyklejonym kolorowym \u015brodkiem. Halina Nossarzewska, z domu Drabi\u0144ska, by\u0142a \u017con\u0105 lekarza Stanis\u0142awa Nossarzewskiego. Para w 1901 roku wzi\u0119\u0142a \u015blub w ko\u015bciele \u015bw. Aleksandra w Warszawie, po czym m\u0142odzi ma\u0142\u017conkowie osiedli w Myszy\u0144cu, gdzie Nossarzewski w swoim domu mia\u0142 gabinet lekarski i aptek\u0119. \u201eDoktorowa\u201d zajmowa\u0142a si\u0119 nie tylko prowadzeniem domu i wychowaniem c\u00f3rek. By\u0142a zaanga\u017cowana spo\u0142ecznie. Nale\u017ca\u0142a do Dozoru Szkolnego w Myszy\u0144cu.<\/em><\/p>\n<p>Kolekcja \u201ek\u00f3\u0142ek\u201d kurpiowskich jest bardzo cenna i wa\u017cna dla studi\u00f3w nad histori\u0105 i rozwojem wycinankarstwa kurpiowskiego z Puszczy Zielonej. Dzi\u0119ki uprzejmo\u015bci Muzeum Etnograficznego w Krakowie uda\u0142o nam si\u0119 zapozna\u0107 z t\u0105 kolekcj\u0105 i dokona\u0107 digitalizacji wybranych obiekt\u00f3w. Ich wizerunki znajd\u0105 si\u0119 w planowanym albumie \u201eWycinanka kurpiowska z Puszczy Zielonej\u201d.<\/p>\n<p>Zadanie publiczne \u201eOpracowanie merytoryczne, artystyczne i druk albumu pt. Wycinanka kurpiowska z Puszczy Zielonej\u201d. Dofinansowano ze \u015brodk\u00f3w Ministra Kultury i Dziedzictwa Narodowego, pochodz\u0105cych z Funduszu Promocji Kultury \u2013 pa\u0144stwowego funduszu celowego.<\/p>\n<p>&nbsp;<\/p>\n<p><img loading=\"lazy\" decoding=\"async\" class=\"alignleft wp-image-17332\" src=\"http:\/\/muzeum.ostroleka.pl\/wp-content\/uploads\/2024\/07\/MEK_33176-293x300.jpg\" alt=\"Wycinanka, nr inw. MEK\/33176\" width=\"252\" height=\"258\" srcset=\"https:\/\/muzeum.ostroleka.pl\/wp-content\/uploads\/2024\/07\/MEK_33176-293x300.jpg 293w, https:\/\/muzeum.ostroleka.pl\/wp-content\/uploads\/2024\/07\/MEK_33176-1001x1024.jpg 1001w, https:\/\/muzeum.ostroleka.pl\/wp-content\/uploads\/2024\/07\/MEK_33176-768x786.jpg 768w, https:\/\/muzeum.ostroleka.pl\/wp-content\/uploads\/2024\/07\/MEK_33176-440x450.jpg 440w, https:\/\/muzeum.ostroleka.pl\/wp-content\/uploads\/2024\/07\/MEK_33176.jpg 1173w\" sizes=\"auto, (max-width: 252px) 100vw, 252px\" \/> <img loading=\"lazy\" decoding=\"async\" class=\"alignleft wp-image-17334\" src=\"http:\/\/muzeum.ostroleka.pl\/wp-content\/uploads\/2024\/07\/MEK_33152-300x300.jpg\" alt=\"Wycinanka. nr inw. MEK\/33152\" width=\"260\" height=\"260\" srcset=\"https:\/\/muzeum.ostroleka.pl\/wp-content\/uploads\/2024\/07\/MEK_33152-300x300.jpg 300w, https:\/\/muzeum.ostroleka.pl\/wp-content\/uploads\/2024\/07\/MEK_33152-1024x1024.jpg 1024w, https:\/\/muzeum.ostroleka.pl\/wp-content\/uploads\/2024\/07\/MEK_33152-150x150.jpg 150w, https:\/\/muzeum.ostroleka.pl\/wp-content\/uploads\/2024\/07\/MEK_33152-768x767.jpg 768w, https:\/\/muzeum.ostroleka.pl\/wp-content\/uploads\/2024\/07\/MEK_33152-450x450.jpg 450w, https:\/\/muzeum.ostroleka.pl\/wp-content\/uploads\/2024\/07\/MEK_33152.jpg 1201w\" sizes=\"auto, (max-width: 260px) 100vw, 260px\" \/> <img loading=\"lazy\" decoding=\"async\" class=\"alignleft wp-image-17331\" src=\"http:\/\/muzeum.ostroleka.pl\/wp-content\/uploads\/2024\/07\/MEK_33159-300x300.jpg\" alt=\"Wycinanka, nr_inw. MEK\/33159\" width=\"259\" height=\"259\" srcset=\"https:\/\/muzeum.ostroleka.pl\/wp-content\/uploads\/2024\/07\/MEK_33159-300x300.jpg 300w, https:\/\/muzeum.ostroleka.pl\/wp-content\/uploads\/2024\/07\/MEK_33159-1024x1024.jpg 1024w, https:\/\/muzeum.ostroleka.pl\/wp-content\/uploads\/2024\/07\/MEK_33159-150x150.jpg 150w, https:\/\/muzeum.ostroleka.pl\/wp-content\/uploads\/2024\/07\/MEK_33159-768x768.jpg 768w, https:\/\/muzeum.ostroleka.pl\/wp-content\/uploads\/2024\/07\/MEK_33159-450x450.jpg 450w, https:\/\/muzeum.ostroleka.pl\/wp-content\/uploads\/2024\/07\/MEK_33159.jpg 1200w\" sizes=\"auto, (max-width: 259px) 100vw, 259px\" \/><\/p>\n<p>&nbsp;<\/p>\n<p>&nbsp;<\/p>\n<p>&nbsp;<\/p>\n<p>&nbsp;<\/p>\n<p>&nbsp;<\/p>\n<p>&nbsp;<\/p>\n<p>&nbsp;<\/p>\n<p>&nbsp;<\/p>\n<p>&nbsp;<\/p>\n<p>&nbsp;<\/p>\n<p>&nbsp;<\/p>\n<p>&nbsp;<\/p>\n<p><em>Wycinanki od lewej: nr inw. MEK\/33176, nr inw. MEK\/33152, nr inw. MEK\/33159.<\/em><\/p>\n","protected":false},"excerpt":{"rendered":"<p>Pracownicy Muzeum Kultury Kurpiowskiej w Ostro\u0142\u0119ce odwiedzili na pocz\u0105tku lipca Muzeum Etnograficzne w Krakowie, gdzie zapoznali si\u0119 z cenn\u0105 kolekcj\u0105 starych kurpiowskich wycinanek. Jak pisze Pani Maria Samsel w jednym z tekst\u00f3w do albumu: W 1901 roku za spraw\u0105 malarza Leonarda Strojnowskiego nast\u0105pi\u0142 prze\u0142om w popularyzacji wycinanki w \u015brodowiskach mi\u0142o\u015bnik\u00f3w sztuki, kt\u00f3ry przyczyni\u0142 si\u0119 do [&hellip;]<\/p>\n","protected":false},"author":3,"featured_media":17331,"comment_status":"closed","ping_status":"closed","sticky":false,"template":"","format":"standard","meta":{"_acf_changed":false,"_lmt_disableupdate":"no","_lmt_disable":"no","_monsterinsights_skip_tracking":false,"_monsterinsights_sitenote_active":false,"_monsterinsights_sitenote_note":"","_monsterinsights_sitenote_category":0,"ngg_post_thumbnail":0,"footnotes":""},"categories":[3],"tags":[],"class_list":["post-17269","post","type-post","status-publish","format-standard","has-post-thumbnail","hentry","category-aktualnosci"],"acf":[],"modified_by":"Daniel Go\u0142a\u015b","_links":{"self":[{"href":"https:\/\/muzeum.ostroleka.pl\/index.php?rest_route=\/wp\/v2\/posts\/17269","targetHints":{"allow":["GET"]}}],"collection":[{"href":"https:\/\/muzeum.ostroleka.pl\/index.php?rest_route=\/wp\/v2\/posts"}],"about":[{"href":"https:\/\/muzeum.ostroleka.pl\/index.php?rest_route=\/wp\/v2\/types\/post"}],"author":[{"embeddable":true,"href":"https:\/\/muzeum.ostroleka.pl\/index.php?rest_route=\/wp\/v2\/users\/3"}],"replies":[{"embeddable":true,"href":"https:\/\/muzeum.ostroleka.pl\/index.php?rest_route=%2Fwp%2Fv2%2Fcomments&post=17269"}],"version-history":[{"count":5,"href":"https:\/\/muzeum.ostroleka.pl\/index.php?rest_route=\/wp\/v2\/posts\/17269\/revisions"}],"predecessor-version":[{"id":17379,"href":"https:\/\/muzeum.ostroleka.pl\/index.php?rest_route=\/wp\/v2\/posts\/17269\/revisions\/17379"}],"wp:featuredmedia":[{"embeddable":true,"href":"https:\/\/muzeum.ostroleka.pl\/index.php?rest_route=\/wp\/v2\/media\/17331"}],"wp:attachment":[{"href":"https:\/\/muzeum.ostroleka.pl\/index.php?rest_route=%2Fwp%2Fv2%2Fmedia&parent=17269"}],"wp:term":[{"taxonomy":"category","embeddable":true,"href":"https:\/\/muzeum.ostroleka.pl\/index.php?rest_route=%2Fwp%2Fv2%2Fcategories&post=17269"},{"taxonomy":"post_tag","embeddable":true,"href":"https:\/\/muzeum.ostroleka.pl\/index.php?rest_route=%2Fwp%2Fv2%2Ftags&post=17269"}],"curies":[{"name":"wp","href":"https:\/\/api.w.org\/{rel}","templated":true}]}}