{"id":17273,"date":"2024-08-30T12:31:30","date_gmt":"2024-08-30T11:31:30","guid":{"rendered":"https:\/\/muzeum.ostroleka.pl\/?p=17273"},"modified":"2024-12-12T13:58:10","modified_gmt":"2024-12-12T12:58:10","slug":"kwerenda-w-lomzy","status":"publish","type":"post","link":"https:\/\/muzeum.ostroleka.pl\/?p=17273","title":{"rendered":"Kwerenda w \u0141om\u017cy"},"content":{"rendered":"<p style=\"text-align: justify;\">W lipcu i sierpniu pracownicy naszego Muzeum i ekspert ze Stowarzyszenia Akademia Wilanowska, odwiedzili Muzeum P\u00f3\u0142nocno-Mazowieckie w \u0141om\u017cy, realizuj\u0105c kolejn\u0105 kwerend\u0119 kurpiowskich wycinanek na potrzeby planowanego albumu \u201eWycinanka kurpiowska z Puszczy Zielonej\u201d.<\/p>\n<p style=\"text-align: justify;\">W Dziale Etnografii Muzeum w \u0141om\u017cy jest jedna z najwi\u0119kszych kolekcji kurpiowskich wycinanek, kt\u00f3rej tworzenie zainicjowa\u0142 jeszcze Adam Ch\u0119tnik. Kolekcja wycinanek kurpiowskich w Muzeum P\u00f3\u0142nocno-Mazowieckim liczy blisko 3000 eksponat\u00f3w, z kt\u00f3rymi zapoznawali\u015bmy si\u0119 kilka dni. Nasi eksperci wybrali wycinanki, kt\u00f3re wypo\u017cyczyli\u015bmy z Muzeum w \u0141om\u017cy do digitalizacji w Muzeum Kultury Kurpiowskiej w Ostro\u0142\u0119ce. Blisko 400 wycinanek, cho\u0107 do albumu zapewne wejdzie jedynie cz\u0119\u015b\u0107 z tej kolekcji. Bardzo jeste\u015bmy wdzi\u0119czni za pomoc ze strony Dyrekcji Muzeum P\u00f3\u0142nocno-Mazowieckiego w \u0141om\u017cy i Pani Wies\u0142awie Pawlak za cenne rady i pomoc w wyborze wycinanek.<\/p>\n<p style=\"text-align: justify;\">Zadanie publiczne \u201eOpracowanie merytoryczne, artystyczne i druk albumu pt. Wycinanka kurpiowska z Puszczy Zielonej\u201d. Dofinansowano ze \u015brodk\u00f3w Ministra Kultury i Dziedzictwa Narodowego, pochodz\u0105cych z Funduszu Promocji Kultury \u2013 pa\u0144stwowego funduszu celowego.<\/p>\n<p>&nbsp;<\/p>\n<p><img loading=\"lazy\" decoding=\"async\" class=\"alignleft size-medium wp-image-17241\" src=\"http:\/\/muzeum.ostroleka.pl\/wp-content\/uploads\/2024\/12\/logo_MKiDN-300x84.jpg\" alt=\"logo MKiDN\" width=\"300\" height=\"84\" srcset=\"https:\/\/muzeum.ostroleka.pl\/wp-content\/uploads\/2024\/12\/logo_MKiDN-300x84.jpg 300w, https:\/\/muzeum.ostroleka.pl\/wp-content\/uploads\/2024\/12\/logo_MKiDN-1024x288.jpg 1024w, https:\/\/muzeum.ostroleka.pl\/wp-content\/uploads\/2024\/12\/logo_MKiDN-768x216.jpg 768w, https:\/\/muzeum.ostroleka.pl\/wp-content\/uploads\/2024\/12\/logo_MKiDN-500x141.jpg 500w, https:\/\/muzeum.ostroleka.pl\/wp-content\/uploads\/2024\/12\/logo_MKiDN.jpg 1536w\" sizes=\"auto, (max-width: 300px) 100vw, 300px\" \/><\/p>\n","protected":false},"excerpt":{"rendered":"<p>W lipcu i sierpniu pracownicy naszego Muzeum i ekspert ze Stowarzyszenia Akademia Wilanowska, odwiedzili Muzeum P\u00f3\u0142nocno-Mazowieckie w \u0141om\u017cy, realizuj\u0105c kolejn\u0105 kwerend\u0119 kurpiowskich wycinanek na potrzeby planowanego albumu \u201eWycinanka kurpiowska z Puszczy Zielonej\u201d. W Dziale Etnografii Muzeum w \u0141om\u017cy jest jedna z najwi\u0119kszych kolekcji kurpiowskich wycinanek, kt\u00f3rej tworzenie zainicjowa\u0142 jeszcze Adam Ch\u0119tnik. Kolekcja wycinanek kurpiowskich w [&hellip;]<\/p>\n","protected":false},"author":3,"featured_media":17274,"comment_status":"closed","ping_status":"closed","sticky":false,"template":"","format":"standard","meta":{"_acf_changed":false,"_lmt_disableupdate":"","_lmt_disable":"no","_monsterinsights_skip_tracking":false,"_monsterinsights_sitenote_active":false,"_monsterinsights_sitenote_note":"","_monsterinsights_sitenote_category":0,"ngg_post_thumbnail":0,"footnotes":""},"categories":[3],"tags":[],"class_list":["post-17273","post","type-post","status-publish","format-standard","has-post-thumbnail","hentry","category-aktualnosci"],"acf":[],"modified_by":"Daniel Go\u0142a\u015b","_links":{"self":[{"href":"https:\/\/muzeum.ostroleka.pl\/index.php?rest_route=\/wp\/v2\/posts\/17273","targetHints":{"allow":["GET"]}}],"collection":[{"href":"https:\/\/muzeum.ostroleka.pl\/index.php?rest_route=\/wp\/v2\/posts"}],"about":[{"href":"https:\/\/muzeum.ostroleka.pl\/index.php?rest_route=\/wp\/v2\/types\/post"}],"author":[{"embeddable":true,"href":"https:\/\/muzeum.ostroleka.pl\/index.php?rest_route=\/wp\/v2\/users\/3"}],"replies":[{"embeddable":true,"href":"https:\/\/muzeum.ostroleka.pl\/index.php?rest_route=%2Fwp%2Fv2%2Fcomments&post=17273"}],"version-history":[{"count":2,"href":"https:\/\/muzeum.ostroleka.pl\/index.php?rest_route=\/wp\/v2\/posts\/17273\/revisions"}],"predecessor-version":[{"id":17277,"href":"https:\/\/muzeum.ostroleka.pl\/index.php?rest_route=\/wp\/v2\/posts\/17273\/revisions\/17277"}],"wp:featuredmedia":[{"embeddable":true,"href":"https:\/\/muzeum.ostroleka.pl\/index.php?rest_route=\/wp\/v2\/media\/17274"}],"wp:attachment":[{"href":"https:\/\/muzeum.ostroleka.pl\/index.php?rest_route=%2Fwp%2Fv2%2Fmedia&parent=17273"}],"wp:term":[{"taxonomy":"category","embeddable":true,"href":"https:\/\/muzeum.ostroleka.pl\/index.php?rest_route=%2Fwp%2Fv2%2Fcategories&post=17273"},{"taxonomy":"post_tag","embeddable":true,"href":"https:\/\/muzeum.ostroleka.pl\/index.php?rest_route=%2Fwp%2Fv2%2Ftags&post=17273"}],"curies":[{"name":"wp","href":"https:\/\/api.w.org\/{rel}","templated":true}]}}