{"id":17285,"date":"2024-10-31T08:49:09","date_gmt":"2024-10-31T07:49:09","guid":{"rendered":"https:\/\/muzeum.ostroleka.pl\/?p=17285"},"modified":"2024-12-16T09:03:44","modified_gmt":"2024-12-16T08:03:44","slug":"trwaja-prace-nad-albumem","status":"publish","type":"post","link":"https:\/\/muzeum.ostroleka.pl\/?p=17285","title":{"rendered":"Trwaj\u0105 prace nad albumem"},"content":{"rendered":"<p style=\"text-align: justify;\">Stowarzyszenie Akademia Wilanowska, we wsp\u00f3\u0142pracy z Muzeum Kultury Kurpiowskiej w Ostro\u0142\u0119ce, realizuje w 2024 roku zadanie publiczne pt. Opracowanie merytoryczne, artystyczne i druk albumu \u201eWycinanka kurpiowska z Puszczy Zielonej\u201d. To kolejna inicjatywa wydawnicza Stowarzyszenia, kt\u00f3ra po\u015bwi\u0119cona jest dziedzictwu wycinanki kurpiowskiej. W latach ubieg\u0142ych ukaza\u0142y si\u0119 opracowania cyfrowe i seria film\u00f3w po\u015bwi\u0119conych wycinankarzom kurpiowskim, w ubieg\u0142ym roku ukaza\u0142 si\u0119 album \u201eWycinanki kurpiowskie z kolekcji Karola Tchorka\u201d. Projekty by\u0142y dofinansowane z bud\u017cetu Samorz\u0105du Wojew\u00f3dztwa Mazowieckiego. W obu projektach Muzeum Kultury Kurpiowskiej w Ostro\u0142\u0119ce by\u0142o partnerem zadania.<\/p>\n<p style=\"text-align: justify;\">Album \u201eWycinanka kurpiowska z Puszczy Zielonej\u201d po\u015bwi\u0119cona b\u0119dzie historii i wsp\u00f3\u0142czesno\u015bci wycinankarstwa kurpiowskiego. Uka\u017ce histori\u0119, wsp\u00f3\u0142czesno\u015b\u0107 wycinanki i jej wp\u0142yw na wzornictwo, tradycyjne formy wycinanek oraz jej tw\u00f3rc\u00f3w. W powstanie albumu zaanga\u017cowani s\u0105 tak\u017ce pracownicy naszego Muzeum. Na \u0142amach publikacji znajd\u0105 si\u0119 te\u017c wycinanki, pochodz\u0105ce z naszych zbior\u00f3w.<\/p>\n<p style=\"text-align: justify;\">Prace nad albumem trwaj\u0105\u2026 teksty autorstwa Marii Samsel i Roberta Andrzeja Dula ju\u017c s\u0105 po redakcji, t\u0142umaczeniu na j\u0119zyk angielski i wlane do pliku graficznego. Pan Kamil D\u0105browski, autor oprawy graficznej albumu dzielnie wlewa kolejne wycinanki\u2026 Dzi\u0119kujemy bardzo Pani Annie Osipi\u0144skiej-Augustyniak i Oldze Mrowi\u0144skiej za pomoc w redakcji tekst\u00f3w i podpis\u00f3w pod zdj\u0119cia i wycinanki.<\/p>\n<p style=\"text-align: justify;\">Zadanie publiczne \u201eOpracowanie merytoryczne, artystyczne i druk albumu pt. Wycinanka kurpiowska z Puszczy Zielonej\u201d. Dofinansowano ze \u015brodk\u00f3w Ministra Kultury i Dziedzictwa Narodowego, pochodz\u0105cych z Funduszu Promocji Kultury \u2013 pa\u0144stwowego funduszu celowego.<\/p>\n<p>&nbsp;<\/p>\n<p>&nbsp;<\/p>\nngg_shortcode_0_placeholder\n<p><img loading=\"lazy\" decoding=\"async\" class=\"alignleft size-medium wp-image-17241\" src=\"http:\/\/muzeum.ostroleka.pl\/wp-content\/uploads\/2024\/12\/logo_MKiDN-300x84.jpg\" alt=\"logo MKiDN\" width=\"300\" height=\"84\" srcset=\"https:\/\/muzeum.ostroleka.pl\/wp-content\/uploads\/2024\/12\/logo_MKiDN-300x84.jpg 300w, https:\/\/muzeum.ostroleka.pl\/wp-content\/uploads\/2024\/12\/logo_MKiDN-1024x288.jpg 1024w, https:\/\/muzeum.ostroleka.pl\/wp-content\/uploads\/2024\/12\/logo_MKiDN-768x216.jpg 768w, https:\/\/muzeum.ostroleka.pl\/wp-content\/uploads\/2024\/12\/logo_MKiDN-500x141.jpg 500w, https:\/\/muzeum.ostroleka.pl\/wp-content\/uploads\/2024\/12\/logo_MKiDN.jpg 1536w\" sizes=\"auto, (max-width: 300px) 100vw, 300px\" \/><\/p>\n<p>&nbsp;<\/p>\n<p>&nbsp;<\/p>\n","protected":false},"excerpt":{"rendered":"<p>Stowarzyszenie Akademia Wilanowska, we wsp\u00f3\u0142pracy z Muzeum Kultury Kurpiowskiej w Ostro\u0142\u0119ce, realizuje w 2024 roku zadanie publiczne pt. Opracowanie merytoryczne, artystyczne i druk albumu \u201eWycinanka kurpiowska z Puszczy Zielonej\u201d. To kolejna inicjatywa wydawnicza Stowarzyszenia, kt\u00f3ra po\u015bwi\u0119cona jest dziedzictwu wycinanki kurpiowskiej. W latach ubieg\u0142ych ukaza\u0142y si\u0119 opracowania cyfrowe i seria film\u00f3w po\u015bwi\u0119conych wycinankarzom kurpiowskim, w ubieg\u0142ym [&hellip;]<\/p>\n","protected":false},"author":3,"featured_media":17286,"comment_status":"closed","ping_status":"closed","sticky":false,"template":"","format":"standard","meta":{"_acf_changed":false,"_lmt_disableupdate":"","_lmt_disable":"","_monsterinsights_skip_tracking":false,"_monsterinsights_sitenote_active":false,"_monsterinsights_sitenote_note":"","_monsterinsights_sitenote_category":0,"ngg_post_thumbnail":0,"footnotes":""},"categories":[3],"tags":[],"class_list":["post-17285","post","type-post","status-publish","format-standard","has-post-thumbnail","hentry","category-aktualnosci"],"acf":[],"modified_by":"Daniel Go\u0142a\u015b","_links":{"self":[{"href":"https:\/\/muzeum.ostroleka.pl\/index.php?rest_route=\/wp\/v2\/posts\/17285","targetHints":{"allow":["GET"]}}],"collection":[{"href":"https:\/\/muzeum.ostroleka.pl\/index.php?rest_route=\/wp\/v2\/posts"}],"about":[{"href":"https:\/\/muzeum.ostroleka.pl\/index.php?rest_route=\/wp\/v2\/types\/post"}],"author":[{"embeddable":true,"href":"https:\/\/muzeum.ostroleka.pl\/index.php?rest_route=\/wp\/v2\/users\/3"}],"replies":[{"embeddable":true,"href":"https:\/\/muzeum.ostroleka.pl\/index.php?rest_route=%2Fwp%2Fv2%2Fcomments&post=17285"}],"version-history":[{"count":4,"href":"https:\/\/muzeum.ostroleka.pl\/index.php?rest_route=\/wp\/v2\/posts\/17285\/revisions"}],"predecessor-version":[{"id":17294,"href":"https:\/\/muzeum.ostroleka.pl\/index.php?rest_route=\/wp\/v2\/posts\/17285\/revisions\/17294"}],"wp:featuredmedia":[{"embeddable":true,"href":"https:\/\/muzeum.ostroleka.pl\/index.php?rest_route=\/wp\/v2\/media\/17286"}],"wp:attachment":[{"href":"https:\/\/muzeum.ostroleka.pl\/index.php?rest_route=%2Fwp%2Fv2%2Fmedia&parent=17285"}],"wp:term":[{"taxonomy":"category","embeddable":true,"href":"https:\/\/muzeum.ostroleka.pl\/index.php?rest_route=%2Fwp%2Fv2%2Fcategories&post=17285"},{"taxonomy":"post_tag","embeddable":true,"href":"https:\/\/muzeum.ostroleka.pl\/index.php?rest_route=%2Fwp%2Fv2%2Ftags&post=17285"}],"curies":[{"name":"wp","href":"https:\/\/api.w.org\/{rel}","templated":true}]}}