{"id":17356,"date":"2025-01-02T14:30:37","date_gmt":"2025-01-02T13:30:37","guid":{"rendered":"https:\/\/muzeum.ostroleka.pl\/?p=17356"},"modified":"2026-02-27T12:11:49","modified_gmt":"2026-02-27T11:11:49","slug":"program-wsparcie-osob-z-niepelnosprawnosciami-na-mazowszu-zostal-przedluzony-na-rok-2025","status":"publish","type":"post","link":"https:\/\/muzeum.ostroleka.pl\/?p=17356","title":{"rendered":"Program \u201eWsparcie os\u00f3b z niepe\u0142nosprawno\u015bciami na Mazowszu\u201d zosta\u0142 przed\u0142u\u017cony na 2025 rok"},"content":{"rendered":"<p style=\"text-align: justify;\">Mi\u0142o nam poinformowa\u0107, \u017ce uchwa\u0142\u0105 Zarz\u0105du Wojew\u00f3dztwa Mazowieckiego z dnia 23 grudnia 2024 r. program \u201eWsparcie os\u00f3b z niepe\u0142nosprawno\u015bciami na Mazowszu\u201d zosta\u0142 przed\u0142u\u017cony do ko\u0144ca 2025 roku. Dzi\u0119ki programowi osoby z niepe\u0142nosprawno\u015bciami i ich opiekunowie b\u0119d\u0105cy mieszka\u0144cami wojew\u00f3dztwa mazowieckiego mog\u0105 skorzysta\u0107 z oferty instytucji kultury na Mazowszu za jedyne 1 z\u0142 brutto od osoby, niezale\u017cnie od zakresu wybranej oferty podczas jednej wizyty w instytucji kultury.<\/p>\n<p style=\"text-align: justify;\">W celu skorzystania z oferty na preferencyjnych warunkach konieczne jest okazanie przez osob\u0119 z niepe\u0142nosprawno\u015bciami wa\u017cnej legitymacji osoby niepe\u0142nosprawnej oraz wype\u0142nienie o\u015bwiadczenia o miejscu zamieszkania w miejscowo\u015bci na terenie wojew\u00f3dztwa mazowieckiego, zar\u00f3wno przez osob\u0119 z niepe\u0142nosprawno\u015bciami jak i jej opiekuna. Oferta skierowana jest do os\u00f3b b\u0119d\u0105cych mieszka\u0144cami wojew\u00f3dztwa mazowieckiego.<\/p>\n<p style=\"text-align: justify;\">Uwaga!<br \/>\nDo udzia\u0142u w programie nie s\u0105 uprawnione osoby posiadaj\u0105ce orzeczenie wydane przez ZUS, KRUS, MON, MSWiA, a tak\u017ce dzieci posiadaj\u0105ce orzeczenie o potrzebie kszta\u0142cenia specjalnego.<br \/>\nDo udzia\u0142u w programie nie uprawnia okazanie legitymacji wydanej ZUS, KRUS, MON, MSWiA w zwi\u0105zku z orzeczeniem rentowym.<\/p>\n<p style=\"text-align: justify;\">Przed skorzystaniem z programu nale\u017cy zapozna\u0107 si\u0119 z ofert\u0105 Muzeum oraz skontaktowa\u0107 z instytucj\u0105 w celu uzyskania potwierdzenia dost\u0119pno\u015bci oferty pod k\u0105tem indywidulanych potrzeb. Prosimy o kontakt pod numer tel. 29 764 54 43 lub poprzez e-mail na adres <a href=\"mailto:edukacja@muzeum.ostroleka.pl\">edukacja@muzeum.ostroleka.pl<\/a>.<\/p>\n<p>&nbsp;<\/p>\n<p>Za\u0142\u0105czniki do pobrania:<\/p>\n<ul>\n<li><a style=\"text-decoration: underline;\" href=\"https:\/\/muzeum.ostroleka.pl\/wp-content\/uploads\/2025\/01\/2_zal.-do-uchwaly_program_16_12_2024.docx\">Program \u201eWsparcie os\u00f3b z niepe\u0142nosprawno\u015bciami na Mazowszu\u201d<\/a><\/li>\n<li><a style=\"text-decoration: underline;\" href=\"https:\/\/muzeum.ostroleka.pl\/wp-content\/uploads\/2023\/07\/4_zal_2-do-programu_oswiadczenie_14_06_2023.pdf\">O\u015bwiadczenie o miejscu zamieszkania w miejscowo\u015bci na terenie wojew\u00f3dztwa mazowieckiego oraz klauzula informacyjna<\/a><\/li>\n<\/ul>\n<p>&nbsp;<\/p>\n<p>&nbsp;<\/p>\n<p>&nbsp;<\/p>\n","protected":false},"excerpt":{"rendered":"<p>Mi\u0142o nam poinformowa\u0107, \u017ce uchwa\u0142\u0105 Zarz\u0105du Wojew\u00f3dztwa Mazowieckiego z dnia 23 grudnia 2024 r. program \u201eWsparcie os\u00f3b z niepe\u0142nosprawno\u015bciami na Mazowszu\u201d zosta\u0142 przed\u0142u\u017cony do ko\u0144ca 2025 roku. Dzi\u0119ki programowi osoby z niepe\u0142nosprawno\u015bciami i ich opiekunowie b\u0119d\u0105cy mieszka\u0144cami wojew\u00f3dztwa mazowieckiego mog\u0105 skorzysta\u0107 z oferty instytucji kultury na Mazowszu za jedyne 1 z\u0142 brutto od osoby, niezale\u017cnie [&hellip;]<\/p>\n","protected":false},"author":3,"featured_media":14960,"comment_status":"closed","ping_status":"closed","sticky":false,"template":"","format":"standard","meta":{"_acf_changed":false,"_lmt_disableupdate":"no","_lmt_disable":"no","_monsterinsights_skip_tracking":false,"_monsterinsights_sitenote_active":false,"_monsterinsights_sitenote_note":"","_monsterinsights_sitenote_category":0,"ngg_post_thumbnail":0,"footnotes":""},"categories":[3],"tags":[],"class_list":["post-17356","post","type-post","status-publish","format-standard","has-post-thumbnail","hentry","category-aktualnosci"],"acf":[],"modified_by":"Daniel Go\u0142a\u015b","_links":{"self":[{"href":"https:\/\/muzeum.ostroleka.pl\/index.php?rest_route=\/wp\/v2\/posts\/17356","targetHints":{"allow":["GET"]}}],"collection":[{"href":"https:\/\/muzeum.ostroleka.pl\/index.php?rest_route=\/wp\/v2\/posts"}],"about":[{"href":"https:\/\/muzeum.ostroleka.pl\/index.php?rest_route=\/wp\/v2\/types\/post"}],"author":[{"embeddable":true,"href":"https:\/\/muzeum.ostroleka.pl\/index.php?rest_route=\/wp\/v2\/users\/3"}],"replies":[{"embeddable":true,"href":"https:\/\/muzeum.ostroleka.pl\/index.php?rest_route=%2Fwp%2Fv2%2Fcomments&post=17356"}],"version-history":[{"count":4,"href":"https:\/\/muzeum.ostroleka.pl\/index.php?rest_route=\/wp\/v2\/posts\/17356\/revisions"}],"predecessor-version":[{"id":17365,"href":"https:\/\/muzeum.ostroleka.pl\/index.php?rest_route=\/wp\/v2\/posts\/17356\/revisions\/17365"}],"wp:featuredmedia":[{"embeddable":true,"href":"https:\/\/muzeum.ostroleka.pl\/index.php?rest_route=\/wp\/v2\/media\/14960"}],"wp:attachment":[{"href":"https:\/\/muzeum.ostroleka.pl\/index.php?rest_route=%2Fwp%2Fv2%2Fmedia&parent=17356"}],"wp:term":[{"taxonomy":"category","embeddable":true,"href":"https:\/\/muzeum.ostroleka.pl\/index.php?rest_route=%2Fwp%2Fv2%2Fcategories&post=17356"},{"taxonomy":"post_tag","embeddable":true,"href":"https:\/\/muzeum.ostroleka.pl\/index.php?rest_route=%2Fwp%2Fv2%2Ftags&post=17356"}],"curies":[{"name":"wp","href":"https:\/\/api.w.org\/{rel}","templated":true}]}}