{"id":17366,"date":"2025-01-03T08:33:25","date_gmt":"2025-01-03T07:33:25","guid":{"rendered":"https:\/\/muzeum.ostroleka.pl\/?p=17366"},"modified":"2025-07-04T14:17:39","modified_gmt":"2025-07-04T13:17:39","slug":"spiewaj-razem-z-nami-w-styczniu-4","status":"publish","type":"post","link":"https:\/\/muzeum.ostroleka.pl\/?p=17366","title":{"rendered":"\u015apiewaj razem z nami w styczniu"},"content":{"rendered":"<p>Pierwsze w tym roku spotkanie ch\u00f3ru \u201eO! La La!\u201d odb\u0119dzie si\u0119 14 stycznia 2025 r. (wtorek) o godz. 12.00. Tradycyjnie imprez\u0119 poprowadzi Robert Lipka \ud83e\ude97 \ud83c\udfb6<\/p>\n<p>Zapraszamy!<\/p>\n<p>\ud835\udde0\ud835\uddf6\ud835\uddf2\ud835\uddf7\ud835\ude00\ud835\uddf0\ud835\uddf2: Muzeum Kultury Kurpiowskiej w Ostro\u0142\u0119ce przy placu gen. J. Bema 8.<br \/>\n\ud835\uddd6\ud835\uddf2\ud835\uddfb\ud835\uddee: 5 z\u0142 od osoby.<br \/>\n\ud835\udddc\ud835\uddfb\ud835\uddf3\ud835\uddfc\ud835\uddff\ud835\uddfa\ud835\uddee\ud835\uddf0\ud835\uddf7\ud835\uddf2: Dzia\u0142 Edukacji i Promocji MKK, tel. 29 764 54 43 wew. 43, e-mail: edukacja@muzeum.ostroleka.pl.<\/p>\n","protected":false},"excerpt":{"rendered":"<p>Pierwsze w tym roku spotkanie ch\u00f3ru \u201eO! La La!\u201d odb\u0119dzie si\u0119 14 stycznia 2025 r. (wtorek) o godz. 12.00. Tradycyjnie imprez\u0119 poprowadzi Robert Lipka \ud83e\ude97 \ud83c\udfb6 Zapraszamy! \ud835\udde0\ud835\uddf6\ud835\uddf2\ud835\uddf7\ud835\ude00\ud835\uddf0\ud835\uddf2: Muzeum Kultury Kurpiowskiej w Ostro\u0142\u0119ce przy placu gen. J. Bema 8. \ud835\uddd6\ud835\uddf2\ud835\uddfb\ud835\uddee: 5 z\u0142 od osoby. \ud835\udddc\ud835\uddfb\ud835\uddf3\ud835\uddfc\ud835\uddff\ud835\uddfa\ud835\uddee\ud835\uddf0\ud835\uddf7\ud835\uddf2: Dzia\u0142 Edukacji i Promocji MKK, tel. 29 764 54 43 [&hellip;]<\/p>\n","protected":false},"author":3,"featured_media":17367,"comment_status":"closed","ping_status":"closed","sticky":false,"template":"","format":"standard","meta":{"_acf_changed":false,"_lmt_disableupdate":"no","_lmt_disable":"no","_monsterinsights_skip_tracking":false,"_monsterinsights_sitenote_active":false,"_monsterinsights_sitenote_note":"","_monsterinsights_sitenote_category":0,"ngg_post_thumbnail":0,"footnotes":""},"categories":[3,74],"tags":[],"class_list":["post-17366","post","type-post","status-publish","format-standard","has-post-thumbnail","hentry","category-aktualnosci","category-wydarzenia"],"acf":[],"modified_by":"Daniel Go\u0142a\u015b","_links":{"self":[{"href":"https:\/\/muzeum.ostroleka.pl\/index.php?rest_route=\/wp\/v2\/posts\/17366","targetHints":{"allow":["GET"]}}],"collection":[{"href":"https:\/\/muzeum.ostroleka.pl\/index.php?rest_route=\/wp\/v2\/posts"}],"about":[{"href":"https:\/\/muzeum.ostroleka.pl\/index.php?rest_route=\/wp\/v2\/types\/post"}],"author":[{"embeddable":true,"href":"https:\/\/muzeum.ostroleka.pl\/index.php?rest_route=\/wp\/v2\/users\/3"}],"replies":[{"embeddable":true,"href":"https:\/\/muzeum.ostroleka.pl\/index.php?rest_route=%2Fwp%2Fv2%2Fcomments&post=17366"}],"version-history":[{"count":2,"href":"https:\/\/muzeum.ostroleka.pl\/index.php?rest_route=\/wp\/v2\/posts\/17366\/revisions"}],"predecessor-version":[{"id":18188,"href":"https:\/\/muzeum.ostroleka.pl\/index.php?rest_route=\/wp\/v2\/posts\/17366\/revisions\/18188"}],"wp:featuredmedia":[{"embeddable":true,"href":"https:\/\/muzeum.ostroleka.pl\/index.php?rest_route=\/wp\/v2\/media\/17367"}],"wp:attachment":[{"href":"https:\/\/muzeum.ostroleka.pl\/index.php?rest_route=%2Fwp%2Fv2%2Fmedia&parent=17366"}],"wp:term":[{"taxonomy":"category","embeddable":true,"href":"https:\/\/muzeum.ostroleka.pl\/index.php?rest_route=%2Fwp%2Fv2%2Fcategories&post=17366"},{"taxonomy":"post_tag","embeddable":true,"href":"https:\/\/muzeum.ostroleka.pl\/index.php?rest_route=%2Fwp%2Fv2%2Ftags&post=17366"}],"curies":[{"name":"wp","href":"https:\/\/api.w.org\/{rel}","templated":true}]}}