{"id":17369,"date":"2025-01-03T12:51:54","date_gmt":"2025-01-03T11:51:54","guid":{"rendered":"https:\/\/muzeum.ostroleka.pl\/?p=17369"},"modified":"2025-02-20T13:23:21","modified_gmt":"2025-02-20T12:23:21","slug":"zaproszenie-na-promocje-ksiazki","status":"publish","type":"post","link":"https:\/\/muzeum.ostroleka.pl\/?p=17369","title":{"rendered":"Zaproszenie na promocj\u0119 ksi\u0105\u017cki"},"content":{"rendered":"<p style=\"text-align: justify;\">Zapraszamy na promocj\u0119 wspomnie\u0144 Jadwigi Guttakowskiej \u201e\u017bycie codzienne rodziny Pajewskich w maj\u0105tku \u0141azek\u201d. O autorce, kt\u00f3ra \u017cy\u0142a w latach 1889-1983, o okoliczno\u015bciach spisania wspomnie\u0144 i ich zakresie b\u0119dziemy Pa\u0144stwu opowiada\u0107 podczas spotkania w Muzeum Kultury Kurpiowskiej w Ostro\u0142\u0119ce przy pl. gen. Bema 8, 12 stycznia 2025 r. (niedziela) o godzinie 11.00. Tak wi\u0119c po raz kolejny wr\u00f3cimy do \u0141azku \u2013 maj\u0105tku przemys\u0142owo-rolnego na prawym brzegu Narwi, by przypomnie\u0107 przestrzenie i bohater\u00f3w tego miejsca oraz pozna\u0107 wiele nowych, niezwykle ciekawych, zaskakuj\u0105cych w\u0105tk\u00f3w opisywanego we wspomnieniach \u015bwiata.<\/p>\n<p style=\"text-align: justify;\">Zapraszamy serdecznie.<\/p>\n","protected":false},"excerpt":{"rendered":"<p>Zapraszamy na promocj\u0119 wspomnie\u0144 Jadwigi Guttakowskiej \u201e\u017bycie codzienne rodziny Pajewskich w maj\u0105tku \u0141azek\u201d. O autorce, kt\u00f3ra \u017cy\u0142a w latach 1889-1983, o okoliczno\u015bciach spisania wspomnie\u0144 i ich zakresie b\u0119dziemy Pa\u0144stwu opowiada\u0107 podczas spotkania w Muzeum Kultury Kurpiowskiej w Ostro\u0142\u0119ce przy pl. gen. Bema 8, 12 stycznia 2025 r. (niedziela) o godzinie 11.00. Tak wi\u0119c po raz [&hellip;]<\/p>\n","protected":false},"author":3,"featured_media":17370,"comment_status":"closed","ping_status":"closed","sticky":false,"template":"","format":"standard","meta":{"_acf_changed":false,"_lmt_disableupdate":"no","_lmt_disable":"no","_monsterinsights_skip_tracking":false,"_monsterinsights_sitenote_active":false,"_monsterinsights_sitenote_note":"","_monsterinsights_sitenote_category":0,"ngg_post_thumbnail":0,"footnotes":""},"categories":[3,74],"tags":[],"class_list":["post-17369","post","type-post","status-publish","format-standard","has-post-thumbnail","hentry","category-aktualnosci","category-wydarzenia"],"acf":[],"modified_by":"Daniel Go\u0142a\u015b","_links":{"self":[{"href":"https:\/\/muzeum.ostroleka.pl\/index.php?rest_route=\/wp\/v2\/posts\/17369","targetHints":{"allow":["GET"]}}],"collection":[{"href":"https:\/\/muzeum.ostroleka.pl\/index.php?rest_route=\/wp\/v2\/posts"}],"about":[{"href":"https:\/\/muzeum.ostroleka.pl\/index.php?rest_route=\/wp\/v2\/types\/post"}],"author":[{"embeddable":true,"href":"https:\/\/muzeum.ostroleka.pl\/index.php?rest_route=\/wp\/v2\/users\/3"}],"replies":[{"embeddable":true,"href":"https:\/\/muzeum.ostroleka.pl\/index.php?rest_route=%2Fwp%2Fv2%2Fcomments&post=17369"}],"version-history":[{"count":3,"href":"https:\/\/muzeum.ostroleka.pl\/index.php?rest_route=\/wp\/v2\/posts\/17369\/revisions"}],"predecessor-version":[{"id":17373,"href":"https:\/\/muzeum.ostroleka.pl\/index.php?rest_route=\/wp\/v2\/posts\/17369\/revisions\/17373"}],"wp:featuredmedia":[{"embeddable":true,"href":"https:\/\/muzeum.ostroleka.pl\/index.php?rest_route=\/wp\/v2\/media\/17370"}],"wp:attachment":[{"href":"https:\/\/muzeum.ostroleka.pl\/index.php?rest_route=%2Fwp%2Fv2%2Fmedia&parent=17369"}],"wp:term":[{"taxonomy":"category","embeddable":true,"href":"https:\/\/muzeum.ostroleka.pl\/index.php?rest_route=%2Fwp%2Fv2%2Fcategories&post=17369"},{"taxonomy":"post_tag","embeddable":true,"href":"https:\/\/muzeum.ostroleka.pl\/index.php?rest_route=%2Fwp%2Fv2%2Ftags&post=17369"}],"curies":[{"name":"wp","href":"https:\/\/api.w.org\/{rel}","templated":true}]}}