{"id":17374,"date":"2025-01-09T12:09:16","date_gmt":"2025-01-09T11:09:16","guid":{"rendered":"https:\/\/muzeum.ostroleka.pl\/?p=17374"},"modified":"2025-02-20T13:22:51","modified_gmt":"2025-02-20T12:22:51","slug":"zaproszenie-na-wernisaz-8","status":"publish","type":"post","link":"https:\/\/muzeum.ostroleka.pl\/?p=17374","title":{"rendered":"Zaproszenie na wernisa\u017c"},"content":{"rendered":"<p style=\"text-align: justify;\">Muzeum Kultury Kurpiowskiej w Ostro\u0142\u0119ce oraz Pa\u0144stwowe Muzeum Etnograficzne w Warszawie zapraszaj\u0105 na wernisa\u017c wystawy czasowej \u201e\u015awiat nierealny, lecz poznawalny. Malarstwo Magdaleny Shummer\u201d.<br \/>\nWernisa\u017c odb\u0119dzie si\u0119 17 stycznia 2025 roku (pi\u0105tek) o godzinie 14.00 w budynku Muzeum Kultury Kurpiowskiej przy Placu gen. J. Bema 8 w Ostro\u0142\u0119ce.<\/p>\n<p style=\"text-align: justify;\">Na wystawie zostanie zaprezentowany dorobek artystyczny malarki tworz\u0105cej sztuk\u0119 tzw. nieprofesjonaln\u0105. Na obrazach Magdaleny Shummer dominuj\u0105 postacie zwierz\u0105t w otoczeniu fantazyjnych ro\u015blin. Na scenach rodzajowych, portretach uwag\u0119 przykuwa niezwyk\u0142a dba\u0142o\u015b\u0107 o szczeg\u00f3\u0142y. Realizm poetycki to styl, jakim swoje dzie\u0142a okre\u015bla autorka.<\/p>\n<p style=\"text-align: justify;\">Magdalena Shummer urodzi\u0142a si\u0119 w 1930 roku. Dorasta\u0142a w Warszawie, natomiast doros\u0142e \u017cycie sp\u0119dzi\u0142a za granic\u0105. Kr\u00f3tko studiowa\u0142a histori\u0119 sztuki na Uniwersytecie Warszawskim, jednak w \u015blad za swoim m\u0119\u017cem Wojciechem Fangorem, postanowi\u0142a po\u015bwi\u0119ci\u0107 si\u0119 malarstwu. Artystka maluje od ponad sze\u015b\u0107dziesi\u0119ciu lat, wystawiaj\u0105c swoje prace w europejskich i ameryka\u0144skich galeriach, a od przesz\u0142o dw\u00f3ch dekad r\u00f3wnie\u017c w Polsce.<\/p>\n<p>Wystawa Pa\u0144stwowego Muzeum Etnograficznego w Warszawie.<\/p>\n","protected":false},"excerpt":{"rendered":"<p>Muzeum Kultury Kurpiowskiej w Ostro\u0142\u0119ce oraz Pa\u0144stwowe Muzeum Etnograficzne w Warszawie zapraszaj\u0105 na wernisa\u017c wystawy czasowej \u201e\u015awiat nierealny, lecz poznawalny. Malarstwo Magdaleny Shummer\u201d. Wernisa\u017c odb\u0119dzie si\u0119 17 stycznia 2025 roku (pi\u0105tek) o godzinie 14.00 w budynku Muzeum Kultury Kurpiowskiej przy Placu gen. J. Bema 8 w Ostro\u0142\u0119ce. Na wystawie zostanie zaprezentowany dorobek artystyczny malarki tworz\u0105cej [&hellip;]<\/p>\n","protected":false},"author":3,"featured_media":17380,"comment_status":"closed","ping_status":"closed","sticky":false,"template":"","format":"standard","meta":{"_acf_changed":false,"_lmt_disableupdate":"no","_lmt_disable":"no","_monsterinsights_skip_tracking":false,"_monsterinsights_sitenote_active":false,"_monsterinsights_sitenote_note":"","_monsterinsights_sitenote_category":0,"ngg_post_thumbnail":0,"footnotes":""},"categories":[3,74],"tags":[],"class_list":["post-17374","post","type-post","status-publish","format-standard","has-post-thumbnail","hentry","category-aktualnosci","category-wydarzenia"],"acf":[],"modified_by":"Daniel Go\u0142a\u015b","_links":{"self":[{"href":"https:\/\/muzeum.ostroleka.pl\/index.php?rest_route=\/wp\/v2\/posts\/17374","targetHints":{"allow":["GET"]}}],"collection":[{"href":"https:\/\/muzeum.ostroleka.pl\/index.php?rest_route=\/wp\/v2\/posts"}],"about":[{"href":"https:\/\/muzeum.ostroleka.pl\/index.php?rest_route=\/wp\/v2\/types\/post"}],"author":[{"embeddable":true,"href":"https:\/\/muzeum.ostroleka.pl\/index.php?rest_route=\/wp\/v2\/users\/3"}],"replies":[{"embeddable":true,"href":"https:\/\/muzeum.ostroleka.pl\/index.php?rest_route=%2Fwp%2Fv2%2Fcomments&post=17374"}],"version-history":[{"count":3,"href":"https:\/\/muzeum.ostroleka.pl\/index.php?rest_route=\/wp\/v2\/posts\/17374\/revisions"}],"predecessor-version":[{"id":17798,"href":"https:\/\/muzeum.ostroleka.pl\/index.php?rest_route=\/wp\/v2\/posts\/17374\/revisions\/17798"}],"wp:featuredmedia":[{"embeddable":true,"href":"https:\/\/muzeum.ostroleka.pl\/index.php?rest_route=\/wp\/v2\/media\/17380"}],"wp:attachment":[{"href":"https:\/\/muzeum.ostroleka.pl\/index.php?rest_route=%2Fwp%2Fv2%2Fmedia&parent=17374"}],"wp:term":[{"taxonomy":"category","embeddable":true,"href":"https:\/\/muzeum.ostroleka.pl\/index.php?rest_route=%2Fwp%2Fv2%2Fcategories&post=17374"},{"taxonomy":"post_tag","embeddable":true,"href":"https:\/\/muzeum.ostroleka.pl\/index.php?rest_route=%2Fwp%2Fv2%2Ftags&post=17374"}],"curies":[{"name":"wp","href":"https:\/\/api.w.org\/{rel}","templated":true}]}}