{"id":17416,"date":"2025-01-20T09:57:23","date_gmt":"2025-01-20T08:57:23","guid":{"rendered":"https:\/\/muzeum.ostroleka.pl\/?p=17416"},"modified":"2025-02-20T13:22:34","modified_gmt":"2025-02-20T12:22:34","slug":"muzealne-spotkania-przy-lampce-stanislaw-skolimowski","status":"publish","type":"post","link":"https:\/\/muzeum.ostroleka.pl\/?p=17416","title":{"rendered":"Muzealne Spotkania przy Lampce \u2013 Stanis\u0142aw Skolimowski"},"content":{"rendered":"<p style=\"text-align: justify;\">Zapraszamy na spotkanie, kt\u00f3rego tematem b\u0119dzie \u017cycie i tw\u00f3rczo\u015b\u0107 Stanis\u0142awa Skolimowskiego (1937\u20132014). Jego prace malarskie prezentujemy stale na wystawie \u201eStanis\u0142aw Skolimowski. Nierzeczywiste\u201d, kt\u00f3r\u0105 wsp\u00f3lnie zwiedzimy.<br \/>\nNa spotkanie zaprosili\u015bmy Rados\u0142awa Jastrz\u0119bskiego \u2013 ostro\u0142\u0119ckiego artyst\u0119 malarza, by z pozycji m\u0142odszego kolegi po fachu podzieli\u0142 si\u0119 refleksjami na temat Stanis\u0142awa Skolimowskiego i jego malarstwa.<\/p>\n<p style=\"text-align: justify;\">Zaprezentujemy r\u00f3wnie\u017c publikacj\u0119 autorstwa Barbary Kalinowskiej pt. \u201eStanis\u0142aw Skolimowski. Niespieszny przechodzie\u0144\u201d. Otwiera ona nasz\u0105 mini seri\u0119 wydawnicz\u0105 \u201eWystawa. Appendix\u201d, w kt\u00f3rej zamierzamy publikowa\u0107 teksty poszerzaj\u0105ce problematyk\u0119 zawart\u0105 w wystawach sta\u0142ych.<\/p>\n<p style=\"text-align: justify;\">Je\u015bli maj\u0105 Pa\u0144stwo wspomnienia zwi\u0105zane ze Stanis\u0142awem Skolimowskim ch\u0119tnie ich wys\u0142uchamy. Zapraszamy w niedziel\u0119, 26 stycznia, o godzinie 11.00, do Muzeum przy placu gen. Bema 8 w Ostro\u0142\u0119ce.<\/p>\n","protected":false},"excerpt":{"rendered":"<p>Zapraszamy na spotkanie, kt\u00f3rego tematem b\u0119dzie \u017cycie i tw\u00f3rczo\u015b\u0107 Stanis\u0142awa Skolimowskiego (1937\u20132014). Jego prace malarskie prezentujemy stale na wystawie \u201eStanis\u0142aw Skolimowski. Nierzeczywiste\u201d, kt\u00f3r\u0105 wsp\u00f3lnie zwiedzimy. Na spotkanie zaprosili\u015bmy Rados\u0142awa Jastrz\u0119bskiego \u2013 ostro\u0142\u0119ckiego artyst\u0119 malarza, by z pozycji m\u0142odszego kolegi po fachu podzieli\u0142 si\u0119 refleksjami na temat Stanis\u0142awa Skolimowskiego i jego malarstwa. Zaprezentujemy r\u00f3wnie\u017c publikacj\u0119 autorstwa [&hellip;]<\/p>\n","protected":false},"author":3,"featured_media":17417,"comment_status":"closed","ping_status":"closed","sticky":false,"template":"","format":"standard","meta":{"_acf_changed":false,"_lmt_disableupdate":"no","_lmt_disable":"no","_monsterinsights_skip_tracking":false,"_monsterinsights_sitenote_active":false,"_monsterinsights_sitenote_note":"","_monsterinsights_sitenote_category":0,"ngg_post_thumbnail":0,"footnotes":""},"categories":[3,74],"tags":[],"class_list":["post-17416","post","type-post","status-publish","format-standard","has-post-thumbnail","hentry","category-aktualnosci","category-wydarzenia"],"acf":[],"modified_by":"Daniel Go\u0142a\u015b","_links":{"self":[{"href":"https:\/\/muzeum.ostroleka.pl\/index.php?rest_route=\/wp\/v2\/posts\/17416","targetHints":{"allow":["GET"]}}],"collection":[{"href":"https:\/\/muzeum.ostroleka.pl\/index.php?rest_route=\/wp\/v2\/posts"}],"about":[{"href":"https:\/\/muzeum.ostroleka.pl\/index.php?rest_route=\/wp\/v2\/types\/post"}],"author":[{"embeddable":true,"href":"https:\/\/muzeum.ostroleka.pl\/index.php?rest_route=\/wp\/v2\/users\/3"}],"replies":[{"embeddable":true,"href":"https:\/\/muzeum.ostroleka.pl\/index.php?rest_route=%2Fwp%2Fv2%2Fcomments&post=17416"}],"version-history":[{"count":2,"href":"https:\/\/muzeum.ostroleka.pl\/index.php?rest_route=\/wp\/v2\/posts\/17416\/revisions"}],"predecessor-version":[{"id":17419,"href":"https:\/\/muzeum.ostroleka.pl\/index.php?rest_route=\/wp\/v2\/posts\/17416\/revisions\/17419"}],"wp:featuredmedia":[{"embeddable":true,"href":"https:\/\/muzeum.ostroleka.pl\/index.php?rest_route=\/wp\/v2\/media\/17417"}],"wp:attachment":[{"href":"https:\/\/muzeum.ostroleka.pl\/index.php?rest_route=%2Fwp%2Fv2%2Fmedia&parent=17416"}],"wp:term":[{"taxonomy":"category","embeddable":true,"href":"https:\/\/muzeum.ostroleka.pl\/index.php?rest_route=%2Fwp%2Fv2%2Fcategories&post=17416"},{"taxonomy":"post_tag","embeddable":true,"href":"https:\/\/muzeum.ostroleka.pl\/index.php?rest_route=%2Fwp%2Fv2%2Ftags&post=17416"}],"curies":[{"name":"wp","href":"https:\/\/api.w.org\/{rel}","templated":true}]}}