{"id":17425,"date":"2025-01-22T13:49:27","date_gmt":"2025-01-22T12:49:27","guid":{"rendered":"https:\/\/muzeum.ostroleka.pl\/?p=17425"},"modified":"2025-01-22T13:49:27","modified_gmt":"2025-01-22T12:49:27","slug":"zapraszamy-do-muzeum-kultury-kurpiowskiej-na-kreatywne-ferie","status":"publish","type":"post","link":"https:\/\/muzeum.ostroleka.pl\/?p=17425","title":{"rendered":"Zapraszamy do Muzeum Kultury Kurpiowskiej na kreatywne ferie"},"content":{"rendered":"<p style=\"text-align: justify;\">Serdecznie zapraszamy dzieci w wieku od 6 do 12 lat do udzia\u0142u w muzealnych feriach, kt\u00f3re tym razem odb\u0119d\u0105 si\u0119 pod has\u0142em \u201eRysuj, maluj, farb nie \u017ca\u0142uj \u2013 kreatywne ferie w Muzeum\u201d. Zaj\u0119cia nawi\u0105\u017c\u0105 do wystawy czasowej \u201e\u015awiat nierealny, lecz poznawalny. Malarstwo Magdaleny Shummer\u201d. Zainspirowani tw\u00f3rczo\u015bci\u0105 artystki postaramy si\u0119 za pomoc\u0105 farb i p\u0119dzli stworzy\u0107 w\u0142asne, niepowtarzalne dzie\u0142a. Wykonamy r\u00f3wnie\u017c pluszowe maskotki, torby z wizerunkiem swojego pupila, poznamy r\u00f3\u017cne gatunki zwierz\u0105t i kwiat\u00f3w, a to tylko niekt\u00f3re z atrakcji, jakie przygotowali\u015bmy dla naszych m\u0142odych go\u015bci.<\/p>\n<p>Zaj\u0119cia b\u0119d\u0105 si\u0119 odbywa\u0142y w cyklu tygodniowym od poniedzia\u0142ku do pi\u0105tku, w godz. 12.00-14.00:<\/p>\n<p>I tydzie\u0144: 3-7 lutego 2025 r.,<br \/>\nII tydzie\u0144: 10-14 lutego 2025 r.<\/p>\n<p>Op\u0142ata: 15 z\u0142 za dzie\u0144 od osoby.<\/p>\n<p>Obowi\u0105zuj\u0105 zapisy pod numerem telefonu 29 764 54 43 wew. 43.<\/p>\n<p>Liczba miejsc jest ograniczona.<\/p>\n<p>Miejsce spotka\u0144: Muzeum Kultury Kurpiowskiej w Ostro\u0142\u0119ce przy placu gen. J. Bema 8.<\/p>\n","protected":false},"excerpt":{"rendered":"<p>Serdecznie zapraszamy dzieci w wieku od 6 do 12 lat do udzia\u0142u w muzealnych feriach, kt\u00f3re tym razem odb\u0119d\u0105 si\u0119 pod has\u0142em \u201eRysuj, maluj, farb nie \u017ca\u0142uj \u2013 kreatywne ferie w Muzeum\u201d. Zaj\u0119cia nawi\u0105\u017c\u0105 do wystawy czasowej \u201e\u015awiat nierealny, lecz poznawalny. Malarstwo Magdaleny Shummer\u201d. Zainspirowani tw\u00f3rczo\u015bci\u0105 artystki postaramy si\u0119 za pomoc\u0105 farb i p\u0119dzli stworzy\u0107 [&hellip;]<\/p>\n","protected":false},"author":3,"featured_media":17426,"comment_status":"closed","ping_status":"closed","sticky":false,"template":"","format":"standard","meta":{"_acf_changed":false,"_lmt_disableupdate":"","_lmt_disable":"","_monsterinsights_skip_tracking":false,"_monsterinsights_sitenote_active":false,"_monsterinsights_sitenote_note":"","_monsterinsights_sitenote_category":0,"ngg_post_thumbnail":0,"footnotes":""},"categories":[3],"tags":[],"class_list":["post-17425","post","type-post","status-publish","format-standard","has-post-thumbnail","hentry","category-aktualnosci"],"acf":[],"modified_by":"Daniel Go\u0142a\u015b","_links":{"self":[{"href":"https:\/\/muzeum.ostroleka.pl\/index.php?rest_route=\/wp\/v2\/posts\/17425","targetHints":{"allow":["GET"]}}],"collection":[{"href":"https:\/\/muzeum.ostroleka.pl\/index.php?rest_route=\/wp\/v2\/posts"}],"about":[{"href":"https:\/\/muzeum.ostroleka.pl\/index.php?rest_route=\/wp\/v2\/types\/post"}],"author":[{"embeddable":true,"href":"https:\/\/muzeum.ostroleka.pl\/index.php?rest_route=\/wp\/v2\/users\/3"}],"replies":[{"embeddable":true,"href":"https:\/\/muzeum.ostroleka.pl\/index.php?rest_route=%2Fwp%2Fv2%2Fcomments&post=17425"}],"version-history":[{"count":2,"href":"https:\/\/muzeum.ostroleka.pl\/index.php?rest_route=\/wp\/v2\/posts\/17425\/revisions"}],"predecessor-version":[{"id":17428,"href":"https:\/\/muzeum.ostroleka.pl\/index.php?rest_route=\/wp\/v2\/posts\/17425\/revisions\/17428"}],"wp:featuredmedia":[{"embeddable":true,"href":"https:\/\/muzeum.ostroleka.pl\/index.php?rest_route=\/wp\/v2\/media\/17426"}],"wp:attachment":[{"href":"https:\/\/muzeum.ostroleka.pl\/index.php?rest_route=%2Fwp%2Fv2%2Fmedia&parent=17425"}],"wp:term":[{"taxonomy":"category","embeddable":true,"href":"https:\/\/muzeum.ostroleka.pl\/index.php?rest_route=%2Fwp%2Fv2%2Fcategories&post=17425"},{"taxonomy":"post_tag","embeddable":true,"href":"https:\/\/muzeum.ostroleka.pl\/index.php?rest_route=%2Fwp%2Fv2%2Ftags&post=17425"}],"curies":[{"name":"wp","href":"https:\/\/api.w.org\/{rel}","templated":true}]}}