{"id":17457,"date":"2025-01-30T14:55:46","date_gmt":"2025-01-30T13:55:46","guid":{"rendered":"https:\/\/muzeum.ostroleka.pl\/?p=17457"},"modified":"2025-02-20T13:22:18","modified_gmt":"2025-02-20T12:22:18","slug":"niedziela-w-muzeum-pod-haslem-shummer-inspiruje-torby-sie-maluje","status":"publish","type":"post","link":"https:\/\/muzeum.ostroleka.pl\/?p=17457","title":{"rendered":"Niedziela w Muzeum pod has\u0142em \u201eShummer inspiruje \u2013 torby si\u0119 maluje\u201d"},"content":{"rendered":"<p style=\"text-align: justify;\">\u201eShummer inspiruje \u2013 torby si\u0119 maluje\u201d to has\u0142o pierwszych w tym roku zaj\u0119\u0107 w ramach cyklu Niedziela w Muzeum. Zimowo-wiosenna edycja rodzinnych spotka\u0144 tw\u00f3rczych rusza ju\u017c 9 lutego. Pierwsze zaj\u0119cia rozpoczniemy od w\u0142asnor\u0119cznego stworzenia fantazyjnych kompozycji, kt\u00f3rymi ozdobimy p\u0142\u00f3cienne torby. Uczestnicy, przy pomocy specjalnych farb oraz p\u0119dzli stworz\u0105 modny i zarazem praktyczny gad\u017cet, kt\u00f3rym z pewno\u015bci\u0105 przyda si\u0119 podczas codziennych zakup\u00f3w. Inspiracji oczywi\u015bcie dostarczy nam niezwykle barwna wystawa \u201e\u015awiat nierealny, lecz poznawalny. Malarstwo Magdaleny Shummer\u201d. Wystawa Pa\u0144stwowego Muzeum Etnograficznego w Warszawie.<\/p>\n<p>&nbsp;<\/p>\n<p>Zapraszamy 9 lutego 2025 r. na godz. 11.00.<\/p>\n<p>Spotkanie odb\u0119dzie si\u0119 w budynku Muzeum przy pl. gen. J. Bema 8 w Ostro\u0142\u0119ce.<\/p>\n<p>&nbsp;<\/p>\n<p>\u2022&nbsp; Obowi\u0105zuj\u0105 zapisy pod numerem tel. 29 764 54 43 wew. 43. Liczba miejsc jest ograniczona.<br \/>\n\u2022&nbsp; Op\u0142ata 15 z\u0142 od osoby.<\/p>\n<p>&nbsp;<\/p>\n","protected":false},"excerpt":{"rendered":"<p>\u201eShummer inspiruje \u2013 torby si\u0119 maluje\u201d to has\u0142o pierwszych w tym roku zaj\u0119\u0107 w ramach cyklu Niedziela w Muzeum. Zimowo-wiosenna edycja rodzinnych spotka\u0144 tw\u00f3rczych rusza ju\u017c 9 lutego. Pierwsze zaj\u0119cia rozpoczniemy od w\u0142asnor\u0119cznego stworzenia fantazyjnych kompozycji, kt\u00f3rymi ozdobimy p\u0142\u00f3cienne torby. Uczestnicy, przy pomocy specjalnych farb oraz p\u0119dzli stworz\u0105 modny i zarazem praktyczny gad\u017cet, kt\u00f3rym z [&hellip;]<\/p>\n","protected":false},"author":3,"featured_media":17458,"comment_status":"closed","ping_status":"closed","sticky":false,"template":"","format":"standard","meta":{"_acf_changed":false,"_lmt_disableupdate":"no","_lmt_disable":"no","_monsterinsights_skip_tracking":false,"_monsterinsights_sitenote_active":false,"_monsterinsights_sitenote_note":"","_monsterinsights_sitenote_category":0,"ngg_post_thumbnail":0,"footnotes":""},"categories":[3,74],"tags":[],"class_list":["post-17457","post","type-post","status-publish","format-standard","has-post-thumbnail","hentry","category-aktualnosci","category-wydarzenia"],"acf":[],"modified_by":"Daniel Go\u0142a\u015b","_links":{"self":[{"href":"https:\/\/muzeum.ostroleka.pl\/index.php?rest_route=\/wp\/v2\/posts\/17457","targetHints":{"allow":["GET"]}}],"collection":[{"href":"https:\/\/muzeum.ostroleka.pl\/index.php?rest_route=\/wp\/v2\/posts"}],"about":[{"href":"https:\/\/muzeum.ostroleka.pl\/index.php?rest_route=\/wp\/v2\/types\/post"}],"author":[{"embeddable":true,"href":"https:\/\/muzeum.ostroleka.pl\/index.php?rest_route=\/wp\/v2\/users\/3"}],"replies":[{"embeddable":true,"href":"https:\/\/muzeum.ostroleka.pl\/index.php?rest_route=%2Fwp%2Fv2%2Fcomments&post=17457"}],"version-history":[{"count":4,"href":"https:\/\/muzeum.ostroleka.pl\/index.php?rest_route=\/wp\/v2\/posts\/17457\/revisions"}],"predecessor-version":[{"id":17462,"href":"https:\/\/muzeum.ostroleka.pl\/index.php?rest_route=\/wp\/v2\/posts\/17457\/revisions\/17462"}],"wp:featuredmedia":[{"embeddable":true,"href":"https:\/\/muzeum.ostroleka.pl\/index.php?rest_route=\/wp\/v2\/media\/17458"}],"wp:attachment":[{"href":"https:\/\/muzeum.ostroleka.pl\/index.php?rest_route=%2Fwp%2Fv2%2Fmedia&parent=17457"}],"wp:term":[{"taxonomy":"category","embeddable":true,"href":"https:\/\/muzeum.ostroleka.pl\/index.php?rest_route=%2Fwp%2Fv2%2Fcategories&post=17457"},{"taxonomy":"post_tag","embeddable":true,"href":"https:\/\/muzeum.ostroleka.pl\/index.php?rest_route=%2Fwp%2Fv2%2Ftags&post=17457"}],"curies":[{"name":"wp","href":"https:\/\/api.w.org\/{rel}","templated":true}]}}